{"id":5900,"date":"2024-08-09T14:14:15","date_gmt":"2024-08-09T18:14:15","guid":{"rendered":"https:\/\/www.minibiblioplus.org\/?p=5900"},"modified":"2024-08-09T14:14:15","modified_gmt":"2024-08-09T18:14:15","slug":"une-histoire-de-benevolat-avec-miss-quebec-2024","status":"publish","type":"post","link":"https:\/\/www.minibiblioplus.org\/index.php\/2024\/08\/09\/une-histoire-de-benevolat-avec-miss-quebec-2024\/","title":{"rendered":"Une Histoire de B\u00e9n\u00e9volat (avec Miss Qu\u00e9bec 2024)"},"content":{"rendered":"<div class=\"video\"><iframe loading=\"lazy\" title=\"Une histoire de b\u00e9n\u00e9volat\/ A Volunteer Story (avec MISS QUEBEC 2024)\" width=\"640\" height=\"360\" src=\"https:\/\/www.youtube.com\/embed\/vWsECHVNtL4?feature=oembed\" frameborder=\"0\" allow=\"accelerometer; autoplay; clipboard-write; encrypted-media; gyroscope; picture-in-picture; web-share\" referrerpolicy=\"strict-origin-when-cross-origin\" allowfullscreen><\/iframe><\/div>\n<p>\ud83d\udcd6 \u00c0 l&#8217;approche la Journ\u00e9e internationale de l&#8217;alphab\u00e9tisation, nous souhaitons mettre en avant le travail extraordinaire de ceux qui championnent l&#8217;alphab\u00e9tisation pr\u00e9coce au sein de minibiblioPLUS. Aujourd&#8217;hui, nous sommes ravis de partager l&#8217;histoire inspirante de l&#8217;une de nos remarquables b\u00e9n\u00e9voles de l&#8217;heure du conte. Merci Aurore Singiza Sebuyange pour le temps qu&#8217;elle consacre \u00e0 donner vie aux histoires et \u00e0 apporter de la joie \u00e0 de si nombreux enfants ! En tant que Miss Qu\u00e9bec, Aurore s&#8217;est engag\u00e9e \u00e0 utiliser sa plateforme pour promouvoir l&#8217;amour de la lecture et de l&#8217;apprentissage chez les enfants. Bravo ! \ud83e\udd29<\/p>\n","protected":false},"excerpt":{"rendered":"<p>\ud83d\udcd6 \u00c0 l&#8217;approche la Journ\u00e9e internationale de l&#8217;alphab\u00e9tisation, nous souhaitons mettre en avant le travail extraordinaire de ceux qui championnent l&#8217;alphab\u00e9tisation pr\u00e9coce au sein de minibiblioPLUS. Aujourd&#8217;hui, nous sommes ravis de partager l&#8217;histoire inspirante de l&#8217;une de nos remarquables b\u00e9n\u00e9voles de l&#8217;heure du conte. Merci Aurore Singiza Sebuyange pour le temps qu&#8217;elle consacre \u00e0 donner vie aux histoires et \u00e0 apporter de la joie \u00e0 de si nombreux enfants ! En tant que Miss Qu\u00e9bec, Aurore s&#8217;est engag\u00e9e \u00e0 utiliser&hellip;<\/p>\n","protected":false},"author":1,"featured_media":0,"comment_status":"open","ping_status":"open","sticky":false,"template":"","format":"standard","meta":{"om_disable_all_campaigns":false,"_monsterinsights_skip_tracking":false,"_monsterinsights_sitenote_active":false,"_monsterinsights_sitenote_note":"","_monsterinsights_sitenote_category":0},"categories":[51],"tags":[],"aioseo_notices":[],"_links":{"self":[{"href":"https:\/\/www.minibiblioplus.org\/index.php\/wp-json\/wp\/v2\/posts\/5900"}],"collection":[{"href":"https:\/\/www.minibiblioplus.org\/index.php\/wp-json\/wp\/v2\/posts"}],"about":[{"href":"https:\/\/www.minibiblioplus.org\/index.php\/wp-json\/wp\/v2\/types\/post"}],"author":[{"embeddable":true,"href":"https:\/\/www.minibiblioplus.org\/index.php\/wp-json\/wp\/v2\/users\/1"}],"replies":[{"embeddable":true,"href":"https:\/\/www.minibiblioplus.org\/index.php\/wp-json\/wp\/v2\/comments?post=5900"}],"version-history":[{"count":1,"href":"https:\/\/www.minibiblioplus.org\/index.php\/wp-json\/wp\/v2\/posts\/5900\/revisions"}],"predecessor-version":[{"id":5901,"href":"https:\/\/www.minibiblioplus.org\/index.php\/wp-json\/wp\/v2\/posts\/5900\/revisions\/5901"}],"wp:attachment":[{"href":"https:\/\/www.minibiblioplus.org\/index.php\/wp-json\/wp\/v2\/media?parent=5900"}],"wp:term":[{"taxonomy":"category","embeddable":true,"href":"https:\/\/www.minibiblioplus.org\/index.php\/wp-json\/wp\/v2\/categories?post=5900"},{"taxonomy":"post_tag","embeddable":true,"href":"https:\/\/www.minibiblioplus.org\/index.php\/wp-json\/wp\/v2\/tags?post=5900"}],"curies":[{"name":"wp","href":"https:\/\/api.w.org\/{rel}","templated":true}]}}