{"id":5957,"date":"2024-09-01T12:29:28","date_gmt":"2024-09-01T16:29:28","guid":{"rendered":"https:\/\/www.minibiblioplus.org\/?p=5957"},"modified":"2024-09-03T12:30:39","modified_gmt":"2024-09-03T16:30:39","slug":"mois-de-lalphabetisation-septembre-2024","status":"publish","type":"post","link":"https:\/\/www.minibiblioplus.org\/index.php\/2024\/09\/01\/mois-de-lalphabetisation-septembre-2024\/","title":{"rendered":"Mois de l\u2019alphab\u00e9tisation- septembre 2024"},"content":{"rendered":"<p><a href=\"https:\/\/www.minibiblioplus.org\/wp-content\/uploads\/2024\/09\/pdf-CALENDRIER-ALPHABETISATION_2024-1.pdf\"><img loading=\"lazy\" class=\"alignnone size-medium wp-image-5954\" src=\"https:\/\/www.minibiblioplus.org\/wp-content\/uploads\/2024\/09\/CALENDRIER-ALPHABETISATION_SEPTEMBRE-2024-1-300x251.jpg\" alt=\"\" width=\"300\" height=\"251\" srcset=\"https:\/\/www.minibiblioplus.org\/wp-content\/uploads\/2024\/09\/CALENDRIER-ALPHABETISATION_SEPTEMBRE-2024-1-300x251.jpg 300w, https:\/\/www.minibiblioplus.org\/wp-content\/uploads\/2024\/09\/CALENDRIER-ALPHABETISATION_SEPTEMBRE-2024-1-768x644.jpg 768w, https:\/\/www.minibiblioplus.org\/wp-content\/uploads\/2024\/09\/CALENDRIER-ALPHABETISATION_SEPTEMBRE-2024-1.jpg 940w\" sizes=\"(max-width: 300px) 100vw, 300px\" \/><\/a><\/p>\n<p><span style=\"color: #3366ff;\">\ud835\udc36\ud835\udc52\u0301\ud835\udc59\ud835\udc52\u0301\ud835\udc4f\ud835\udc5f\ud835\udc52\ud835\udc67 \ud835\udc59\ud835\udc52 \ud835\udc40\ud835\udc5c\ud835\udc56\ud835\udc60 \ud835\udc56\ud835\udc5b\ud835\udc61\ud835\udc52\ud835\udc5f\ud835\udc5b\ud835\udc4e\ud835\udc61\ud835\udc56\ud835\udc5c\ud835\udc5b\ud835\udc4e\ud835\udc59 \ud835\udc51\ud835\udc52 \ud835\udc59\u2019\ud835\udc4e\ud835\udc59\ud835\udc5d\u210e\ud835\udc4e\ud835\udc4f\ud835\udc52\u0301\ud835\udc61\ud835\udc56\ud835\udc60\ud835\udc4e\ud835\udc61\ud835\udc56\ud835\udc5c\ud835\udc5b \ud835\udc4e\ud835\udc63\ud835\udc52\ud835\udc50 \ud835\udc5b\ud835\udc5c\ud835\udc62\ud835\udc60 !<\/span><\/p>\n<p>\ud83d\udcd6<span class=\"x1xsqp64 xiy17q3 x1o6pynw x19co3pv xdj266r xcwd3tp xat24cr x39eecv x2b8uid\" data-testid=\"emoji\"><span class=\"xexx8yu xn5pp95 x18d9i69 x2fxd7x x3jgonx x1bhl96m\">\ud83d\udcc5<\/span><\/span>\u00a0Septembre est \ud835\udc25\ud835\udc1e \ud835\udc0c\ud835\udc28\ud835\udc22\ud835\udc2c \ud835\udc22\ud835\udc27\ud835\udc2d\ud835\udc1e\ud835\udc2b\ud835\udc27\ud835\udc1a\ud835\udc2d\ud835\udc22\ud835\udc28\ud835\udc27\ud835\udc1a\ud835\udc25 \ud835\udc1d\ud835\udc1e \ud835\udc25\u2019\ud835\udc1a\ud835\udc25\ud835\udc29\ud835\udc21\ud835\udc1a\ud835\udc1b\ud835\udc1e\u0301\ud835\udc2d\ud835\udc22\ud835\udc2c\ud835\udc1a\ud835\udc2d\ud835\udc22\ud835\udc28\ud835\udc27 ! Pour lancer notre c\u00e9l\u00e9bration mensuelle, nous aimerions partager avec vous un \ud835\udc02\ud835\udc00\ud835\udc0b\ud835\udc04\ud835\udc0d\ud835\udc03\ud835\udc11\ud835\udc08\ud835\udc04\ud835\udc11 \ud835\udc03\ud835\udc04 \ud835\udc0b\u2019\ud835\udc00\ud835\udc0b\ud835\udc0f\ud835\udc07\ud835\udc00\ud835\udc01\ud835\udc04\u0301\ud835\udc13\ud835\udc08\ud835\udc12\ud835\udc00\ud835\udc13\ud835\udc08\ud835\udc0e\ud835\udc0d qui comprend des activit\u00e9s d\u2019alphab\u00e9tisation pr\u00e9coce pour les enfants de 0 \u00e0 5 ans et plus \u00e0 d\u00e9couvrir tout au long du mois. N\u2019h\u00e9sitez pas \u00e0 lire les livres que vous avez \u00e0 la maison et \u00e0 faire preuve de cr\u00e9ativit\u00e9 avec vos enfants. Nous vous encourageons \u00e0 profiter de ces activit\u00e9s tout au long de l\u2019ann\u00e9e ! Pour participer, cliquez sur l\u2019image pour t\u00e9l\u00e9charger et imprimer le calendrier. Le calendrier vous est pr\u00e9sent\u00e9 par minibiblioPLUS et les organisations d\u2019alphab\u00e9tisation qui y collaborent, avec le souhait commun de promouvoir l\u2019importance de l\u2019alphab\u00e9tisation pr\u00e9coce. Joyeux Mois international de l\u2019alphab\u00e9tisation \u00e0 tous ! \ud83d\udcda\ud83e\udd73<\/p>\n","protected":false},"excerpt":{"rendered":"<p>\ud835\udc36\ud835\udc52\u0301\ud835\udc59\ud835\udc52\u0301\ud835\udc4f\ud835\udc5f\ud835\udc52\ud835\udc67 \ud835\udc59\ud835\udc52 \ud835\udc40\ud835\udc5c\ud835\udc56\ud835\udc60 \ud835\udc56\ud835\udc5b\ud835\udc61\ud835\udc52\ud835\udc5f\ud835\udc5b\ud835\udc4e\ud835\udc61\ud835\udc56\ud835\udc5c\ud835\udc5b\ud835\udc4e\ud835\udc59 \ud835\udc51\ud835\udc52 \ud835\udc59\u2019\ud835\udc4e\ud835\udc59\ud835\udc5d\u210e\ud835\udc4e\ud835\udc4f\ud835\udc52\u0301\ud835\udc61\ud835\udc56\ud835\udc60\ud835\udc4e\ud835\udc61\ud835\udc56\ud835\udc5c\ud835\udc5b \ud835\udc4e\ud835\udc63\ud835\udc52\ud835\udc50 \ud835\udc5b\ud835\udc5c\ud835\udc62\ud835\udc60 ! \ud83d\udcd6\ud83d\udcc5\u00a0Septembre est \ud835\udc25\ud835\udc1e \ud835\udc0c\ud835\udc28\ud835\udc22\ud835\udc2c \ud835\udc22\ud835\udc27\ud835\udc2d\ud835\udc1e\ud835\udc2b\ud835\udc27\ud835\udc1a\ud835\udc2d\ud835\udc22\ud835\udc28\ud835\udc27\ud835\udc1a\ud835\udc25 \ud835\udc1d\ud835\udc1e \ud835\udc25\u2019\ud835\udc1a\ud835\udc25\ud835\udc29\ud835\udc21\ud835\udc1a\ud835\udc1b\ud835\udc1e\u0301\ud835\udc2d\ud835\udc22\ud835\udc2c\ud835\udc1a\ud835\udc2d\ud835\udc22\ud835\udc28\ud835\udc27 ! Pour lancer notre c\u00e9l\u00e9bration mensuelle, nous aimerions partager avec vous un \ud835\udc02\ud835\udc00\ud835\udc0b\ud835\udc04\ud835\udc0d\ud835\udc03\ud835\udc11\ud835\udc08\ud835\udc04\ud835\udc11 \ud835\udc03\ud835\udc04 \ud835\udc0b\u2019\ud835\udc00\ud835\udc0b\ud835\udc0f\ud835\udc07\ud835\udc00\ud835\udc01\ud835\udc04\u0301\ud835\udc13\ud835\udc08\ud835\udc12\ud835\udc00\ud835\udc13\ud835\udc08\ud835\udc0e\ud835\udc0d qui comprend des activit\u00e9s d\u2019alphab\u00e9tisation pr\u00e9coce pour les enfants de 0 \u00e0 5 ans et plus \u00e0 d\u00e9couvrir tout au long du mois. N\u2019h\u00e9sitez pas \u00e0 lire les livres que vous avez \u00e0 la maison et \u00e0 faire preuve de cr\u00e9ativit\u00e9 avec vos enfants. Nous vous encourageons \u00e0 profiter&hellip;<\/p>\n","protected":false},"author":1,"featured_media":0,"comment_status":"open","ping_status":"open","sticky":false,"template":"","format":"standard","meta":{"om_disable_all_campaigns":false,"_monsterinsights_skip_tracking":false,"_monsterinsights_sitenote_active":false,"_monsterinsights_sitenote_note":"","_monsterinsights_sitenote_category":0},"categories":[89,15],"tags":[],"aioseo_notices":[],"_links":{"self":[{"href":"https:\/\/www.minibiblioplus.org\/index.php\/wp-json\/wp\/v2\/posts\/5957"}],"collection":[{"href":"https:\/\/www.minibiblioplus.org\/index.php\/wp-json\/wp\/v2\/posts"}],"about":[{"href":"https:\/\/www.minibiblioplus.org\/index.php\/wp-json\/wp\/v2\/types\/post"}],"author":[{"embeddable":true,"href":"https:\/\/www.minibiblioplus.org\/index.php\/wp-json\/wp\/v2\/users\/1"}],"replies":[{"embeddable":true,"href":"https:\/\/www.minibiblioplus.org\/index.php\/wp-json\/wp\/v2\/comments?post=5957"}],"version-history":[{"count":1,"href":"https:\/\/www.minibiblioplus.org\/index.php\/wp-json\/wp\/v2\/posts\/5957\/revisions"}],"predecessor-version":[{"id":5958,"href":"https:\/\/www.minibiblioplus.org\/index.php\/wp-json\/wp\/v2\/posts\/5957\/revisions\/5958"}],"wp:attachment":[{"href":"https:\/\/www.minibiblioplus.org\/index.php\/wp-json\/wp\/v2\/media?parent=5957"}],"wp:term":[{"taxonomy":"category","embeddable":true,"href":"https:\/\/www.minibiblioplus.org\/index.php\/wp-json\/wp\/v2\/categories?post=5957"},{"taxonomy":"post_tag","embeddable":true,"href":"https:\/\/www.minibiblioplus.org\/index.php\/wp-json\/wp\/v2\/tags?post=5957"}],"curies":[{"name":"wp","href":"https:\/\/api.w.org\/{rel}","templated":true}]}}