{"id":5997,"date":"2024-09-19T10:58:12","date_gmt":"2024-09-19T14:58:12","guid":{"rendered":"https:\/\/www.minibiblioplus.org\/?p=5997"},"modified":"2024-09-19T10:58:12","modified_gmt":"2024-09-19T14:58:12","slug":"lheure-du-conte-au-soleil-ete-2024","status":"publish","type":"post","link":"https:\/\/www.minibiblioplus.org\/index.php\/2024\/09\/19\/lheure-du-conte-au-soleil-ete-2024\/","title":{"rendered":"L\u2019Heure du conte au soleil- \u00e9t\u00e9 2024"},"content":{"rendered":"<p><a href=\"https:\/\/www.minibiblioplus.org\/wp-content\/uploads\/2024\/09\/RAPPORT-FINAL_-lheure-du-conte-au-soleil_-ete-2024.pdf\"><img loading=\"lazy\" class=\"alignnone size-medium wp-image-5998\" src=\"https:\/\/www.minibiblioplus.org\/wp-content\/uploads\/2024\/09\/RAPPORT-FINAL_-lheure-du-conte-au-soleil_-ete-2024--232x300.png\" alt=\"\" width=\"232\" height=\"300\" srcset=\"https:\/\/www.minibiblioplus.org\/wp-content\/uploads\/2024\/09\/RAPPORT-FINAL_-lheure-du-conte-au-soleil_-ete-2024--232x300.png 232w, https:\/\/www.minibiblioplus.org\/wp-content\/uploads\/2024\/09\/RAPPORT-FINAL_-lheure-du-conte-au-soleil_-ete-2024--791x1024.png 791w, https:\/\/www.minibiblioplus.org\/wp-content\/uploads\/2024\/09\/RAPPORT-FINAL_-lheure-du-conte-au-soleil_-ete-2024--768x994.png 768w, https:\/\/www.minibiblioplus.org\/wp-content\/uploads\/2024\/09\/RAPPORT-FINAL_-lheure-du-conte-au-soleil_-ete-2024--1187x1536.png 1187w, https:\/\/www.minibiblioplus.org\/wp-content\/uploads\/2024\/09\/RAPPORT-FINAL_-lheure-du-conte-au-soleil_-ete-2024-.png 1545w\" sizes=\"(max-width: 232px) 100vw, 232px\" \/><\/a><\/p>\n<p>En r\u00e9ponse \u00e0 la demande croissante de projets de sensibilisation au sein de la communaut\u00e9 de CDN-NDG et encourag\u00e9 par le succ\u00e8s de notre projet L\u2019Heure du conte dans les parcs de l\u2019\u00e9t\u00e9 2023, l\u2019Institut Fraser-Hickson a lanc\u00e9 le projet <span style=\"color: #ff9900;\"><strong>L\u2019HEURE DU CONTE AU SOLEIL <\/strong><\/span>en collaboration avec les biblioth\u00e8ques de CDN-NDG. Ce projet vise \u00e0 proposer des activit\u00e9s d\u2019alphab\u00e9tisation pr\u00e9coce et de l\u2019heures du conte dans les parcs, en particulier dans les zones \u00e9loign\u00e9es d\u2019une biblioth\u00e8que publique ou identifi\u00e9es comme vuln\u00e9rables pour les enfants \u00e2g\u00e9s de 0 \u00e0 8 ans, afin de leur inculquer l\u2019amour de la lecture et de l\u2019apprentissage. Ce projet a \u00e9galement permis de faire conna\u00eetre la richesse des services offerts par les biblioth\u00e8ques publiques de CDN-NDG et d\u2019encourager les familles \u00e0 se rendre plus souvent dans leur biblioth\u00e8que locale.<\/p>\n<p>Ainsi, pendant dix semaines cet \u00e9t\u00e9, les enfants ont \u00e9t\u00e9 accueillis dans dix parcs municipaux de CDN-NDG pour profiter d\u2019histoires au soleil deux fois par semaine, tous les mardis et jeudis matins. Le projet a connu un succ\u00e8s remarquable, avec<br \/>\n<span style=\"color: #ff9900;\"><strong>16 sessions<\/strong><\/span> (80%) organis\u00e9es avec succ\u00e8s et la participation de <span style=\"color: #ff9900;\"><strong>948 enfants<\/strong><\/span> de la communaut\u00e9.<\/p>\n<p>Cliquez sur la photo ci-dessus pour lire le rapport final.<\/p>\n","protected":false},"excerpt":{"rendered":"<p>En r\u00e9ponse \u00e0 la demande croissante de projets de sensibilisation au sein de la communaut\u00e9 de CDN-NDG et encourag\u00e9 par le succ\u00e8s de notre projet L\u2019Heure du conte dans les parcs de l\u2019\u00e9t\u00e9 2023, l\u2019Institut Fraser-Hickson a lanc\u00e9 le projet L\u2019HEURE DU CONTE AU SOLEIL en collaboration avec les biblioth\u00e8ques de CDN-NDG. Ce projet vise \u00e0 proposer des activit\u00e9s d\u2019alphab\u00e9tisation pr\u00e9coce et de l\u2019heures du conte dans les parcs, en particulier dans les zones \u00e9loign\u00e9es d\u2019une biblioth\u00e8que publique ou identifi\u00e9es&hellip;<\/p>\n","protected":false},"author":1,"featured_media":0,"comment_status":"open","ping_status":"open","sticky":false,"template":"","format":"standard","meta":{"om_disable_all_campaigns":false,"_monsterinsights_skip_tracking":false,"_monsterinsights_sitenote_active":false,"_monsterinsights_sitenote_note":"","_monsterinsights_sitenote_category":0},"categories":[51],"tags":[],"aioseo_notices":[],"_links":{"self":[{"href":"https:\/\/www.minibiblioplus.org\/index.php\/wp-json\/wp\/v2\/posts\/5997"}],"collection":[{"href":"https:\/\/www.minibiblioplus.org\/index.php\/wp-json\/wp\/v2\/posts"}],"about":[{"href":"https:\/\/www.minibiblioplus.org\/index.php\/wp-json\/wp\/v2\/types\/post"}],"author":[{"embeddable":true,"href":"https:\/\/www.minibiblioplus.org\/index.php\/wp-json\/wp\/v2\/users\/1"}],"replies":[{"embeddable":true,"href":"https:\/\/www.minibiblioplus.org\/index.php\/wp-json\/wp\/v2\/comments?post=5997"}],"version-history":[{"count":1,"href":"https:\/\/www.minibiblioplus.org\/index.php\/wp-json\/wp\/v2\/posts\/5997\/revisions"}],"predecessor-version":[{"id":6000,"href":"https:\/\/www.minibiblioplus.org\/index.php\/wp-json\/wp\/v2\/posts\/5997\/revisions\/6000"}],"wp:attachment":[{"href":"https:\/\/www.minibiblioplus.org\/index.php\/wp-json\/wp\/v2\/media?parent=5997"}],"wp:term":[{"taxonomy":"category","embeddable":true,"href":"https:\/\/www.minibiblioplus.org\/index.php\/wp-json\/wp\/v2\/categories?post=5997"},{"taxonomy":"post_tag","embeddable":true,"href":"https:\/\/www.minibiblioplus.org\/index.php\/wp-json\/wp\/v2\/tags?post=5997"}],"curies":[{"name":"wp","href":"https:\/\/api.w.org\/{rel}","templated":true}]}}