{"id":6016,"date":"2024-09-24T16:10:18","date_gmt":"2024-09-24T20:10:18","guid":{"rendered":"https:\/\/www.minibiblioplus.org\/?p=6016"},"modified":"2024-09-24T16:10:18","modified_gmt":"2024-09-24T20:10:18","slug":"benevole-du-mois-septembre-2024","status":"publish","type":"post","link":"https:\/\/www.minibiblioplus.org\/index.php\/2024\/09\/24\/benevole-du-mois-septembre-2024\/","title":{"rendered":"B\u00e9n\u00e9vole du mois- septembre 2024"},"content":{"rendered":"<h3><img loading=\"lazy\" class=\"alignnone size-medium wp-image-6017\" src=\"https:\/\/www.minibiblioplus.org\/wp-content\/uploads\/2024\/09\/Untitled-design-14-1-238x300.jpg\" alt=\"\" width=\"238\" height=\"300\" srcset=\"https:\/\/www.minibiblioplus.org\/wp-content\/uploads\/2024\/09\/Untitled-design-14-1-238x300.jpg 238w, https:\/\/www.minibiblioplus.org\/wp-content\/uploads\/2024\/09\/Untitled-design-14-1.jpg 396w\" sizes=\"(max-width: 238px) 100vw, 238px\" \/><\/h3>\n<h3><span style=\"color: #0000ff;\">Mily Flores<\/span><\/h3>\n<p><span class=\"html-span xexx8yu x4uap5 x18d9i69 xkhd6sd x1hl2dhg x16tdsg8 x1vvkbs x3nfvp2 x1j61x8r x1fcty0u xdj266r xat24cr xgzva0m xhhsvwb xxymvpz xlup9mm x1kky2od\"><img loading=\"lazy\" class=\"xz74otr\" src=\"https:\/\/static.xx.fbcdn.net\/images\/emoji.php\/v9\/tba\/1\/16\/1f4e3.png\" alt=\"\ud83d\udce3\" width=\"16\" height=\"16\" \/><\/span><span class=\"html-span xexx8yu x4uap5 x18d9i69 xkhd6sd x1hl2dhg x16tdsg8 x1vvkbs x3nfvp2 x1j61x8r x1fcty0u xdj266r xat24cr xgzva0m xhhsvwb xxymvpz xlup9mm x1kky2od\"><img loading=\"lazy\" class=\"xz74otr\" src=\"https:\/\/static.xx.fbcdn.net\/images\/emoji.php\/v9\/t58\/1\/16\/1f929.png\" alt=\"\ud83e\udd29\" width=\"16\" height=\"16\" \/><\/span> Nous sommes ravis d&#8217;annoncer notre b\u00e9n\u00e9vole du mois de septembre &#8211; Mily Flores. Depuis janvier 2024, Mily s&#8217;est port\u00e9e volontaire pour les livraisons de livres pour les minibiblios de nos partenaires. Nous sommes tr\u00e8s reconnaissants de son d\u00e9vouement. Merci Mily ! Voici ce qu\u2019elle a \u00e0 dire sur son exp\u00e9rience:<\/p>\n<p><em><span class=\"OYPEnA font-feature-liga-off font-feature-clig-off font-feature-calt-off text-decoration-none text-strikethrough-none\">\u00ab\u00a0Transmettre mon amour de la lecture en apportant des livres aux garderies m&#8217;a permis de red\u00e9couvrir mon enfance.<\/span> <span class=\"OYPEnA font-feature-liga-off font-feature-clig-off font-feature-calt-off text-decoration-none text-strikethrough-none\">C&#8217;est incroyable de voir l&#8217;excitation des enfants lorsqu&#8217;ils me voient arriver avec de nouveaux livres. Cela remplit mon c\u0153ur de joie. J&#8217;ai d\u00e9couvert l&#8217;importance de l&#8217;implication dans la vie de nos enfants. J&#8217;esp\u00e8re que ma passion pour les livres permettra \u00e0 ces enfants de r\u00e9ussir. \u00bb<\/span><\/em><\/p>\n","protected":false},"excerpt":{"rendered":"<p>Mily Flores Nous sommes ravis d&#8217;annoncer notre b\u00e9n\u00e9vole du mois de septembre &#8211; Mily Flores. Depuis janvier 2024, Mily s&#8217;est port\u00e9e volontaire pour les livraisons de livres pour les minibiblios de nos partenaires. Nous sommes tr\u00e8s reconnaissants de son d\u00e9vouement. Merci Mily ! Voici ce qu\u2019elle a \u00e0 dire sur son exp\u00e9rience: \u00ab\u00a0Transmettre mon amour de la lecture en apportant des livres aux garderies m&#8217;a permis de red\u00e9couvrir mon enfance. C&#8217;est incroyable de voir l&#8217;excitation des enfants lorsqu&#8217;ils me voient&hellip;<\/p>\n","protected":false},"author":1,"featured_media":0,"comment_status":"open","ping_status":"open","sticky":false,"template":"","format":"standard","meta":{"om_disable_all_campaigns":false,"_monsterinsights_skip_tracking":false,"_monsterinsights_sitenote_active":false,"_monsterinsights_sitenote_note":"","_monsterinsights_sitenote_category":0},"categories":[44],"tags":[],"aioseo_notices":[],"_links":{"self":[{"href":"https:\/\/www.minibiblioplus.org\/index.php\/wp-json\/wp\/v2\/posts\/6016"}],"collection":[{"href":"https:\/\/www.minibiblioplus.org\/index.php\/wp-json\/wp\/v2\/posts"}],"about":[{"href":"https:\/\/www.minibiblioplus.org\/index.php\/wp-json\/wp\/v2\/types\/post"}],"author":[{"embeddable":true,"href":"https:\/\/www.minibiblioplus.org\/index.php\/wp-json\/wp\/v2\/users\/1"}],"replies":[{"embeddable":true,"href":"https:\/\/www.minibiblioplus.org\/index.php\/wp-json\/wp\/v2\/comments?post=6016"}],"version-history":[{"count":1,"href":"https:\/\/www.minibiblioplus.org\/index.php\/wp-json\/wp\/v2\/posts\/6016\/revisions"}],"predecessor-version":[{"id":6018,"href":"https:\/\/www.minibiblioplus.org\/index.php\/wp-json\/wp\/v2\/posts\/6016\/revisions\/6018"}],"wp:attachment":[{"href":"https:\/\/www.minibiblioplus.org\/index.php\/wp-json\/wp\/v2\/media?parent=6016"}],"wp:term":[{"taxonomy":"category","embeddable":true,"href":"https:\/\/www.minibiblioplus.org\/index.php\/wp-json\/wp\/v2\/categories?post=6016"},{"taxonomy":"post_tag","embeddable":true,"href":"https:\/\/www.minibiblioplus.org\/index.php\/wp-json\/wp\/v2\/tags?post=6016"}],"curies":[{"name":"wp","href":"https:\/\/api.w.org\/{rel}","templated":true}]}}