{"id":6146,"date":"2024-12-31T10:03:48","date_gmt":"2024-12-31T15:03:48","guid":{"rendered":"https:\/\/www.minibiblioplus.org\/?p=6146"},"modified":"2025-01-31T10:04:06","modified_gmt":"2025-01-31T15:04:06","slug":"benevole-du-mois-decembre-2024-2","status":"publish","type":"post","link":"https:\/\/www.minibiblioplus.org\/index.php\/en\/2024\/12\/31\/benevole-du-mois-decembre-2024-2\/","title":{"rendered":"B\u00e9n\u00e9vole du mois- D\u00e9cembre 2024"},"content":{"rendered":"<p><img loading=\"lazy\" class=\"alignnone size-medium wp-image-6147\" src=\"https:\/\/www.minibiblioplus.org\/wp-content\/uploads\/2025\/01\/IMG_0071-Amy-Halloween-2-300x225.jpg\" alt=\"\" width=\"300\" height=\"225\" srcset=\"https:\/\/www.minibiblioplus.org\/wp-content\/uploads\/2025\/01\/IMG_0071-Amy-Halloween-2-300x225.jpg 300w, https:\/\/www.minibiblioplus.org\/wp-content\/uploads\/2025\/01\/IMG_0071-Amy-Halloween-2.jpg 640w\" sizes=\"(max-width: 300px) 100vw, 300px\" \/><\/p>\n<h4><span style=\"color: #0000ff;\">Amy Otchet<\/span><\/h4>\n<p><span class=\"html-span xexx8yu x4uap5 x18d9i69 xkhd6sd x1hl2dhg x16tdsg8 x1vvkbs x3nfvp2 x1j61x8r x1fcty0u xdj266r xat24cr xgzva0m xhhsvwb xxymvpz xlup9mm x1kky2od\"><img loading=\"lazy\" class=\"xz74otr\" src=\"https:\/\/static.xx.fbcdn.net\/images\/emoji.php\/v9\/tba\/1\/16\/1f4e3.png\" alt=\"\ud83d\udce3\" width=\"16\" height=\"16\" \/><\/span><span class=\"html-span xexx8yu x4uap5 x18d9i69 xkhd6sd x1hl2dhg x16tdsg8 x1vvkbs x3nfvp2 x1j61x8r x1fcty0u xdj266r xat24cr xgzva0m xhhsvwb xxymvpz xlup9mm x1kky2od\"><img loading=\"lazy\" class=\"xz74otr\" src=\"https:\/\/static.xx.fbcdn.net\/images\/emoji.php\/v9\/t58\/1\/16\/1f929.png\" alt=\"\ud83e\udd29\" width=\"16\" height=\"16\" \/><\/span> Nous sommes tr\u00e8s heureux d\u2019annoncer notre b\u00e9n\u00e9vole du mois de d\u00e9cembre 2024- Amy Otchet , une animatrice extraordinaire de l\u2019heure du conte depuis 2022. Amy adore faire rire les enfants lors de ses lectures, et s&#8217;est m\u00eame d\u00e9guis\u00e9e en clown ! Voici ce qu\u2019elle a \u00e0 dire sur son exp\u00e9rience. <span class=\"html-span xexx8yu x4uap5 x18d9i69 xkhd6sd x1hl2dhg x16tdsg8 x1vvkbs x3nfvp2 x1j61x8r x1fcty0u xdj266r xat24cr xgzva0m xhhsvwb xxymvpz xlup9mm x1kky2od\"><img loading=\"lazy\" class=\"xz74otr\" src=\"https:\/\/static.xx.fbcdn.net\/images\/emoji.php\/v9\/t50\/1\/16\/1f921.png\" alt=\"\ud83e\udd21\" width=\"16\" height=\"16\" \/><\/span> <span class=\"html-span xexx8yu x4uap5 x18d9i69 xkhd6sd x1hl2dhg x16tdsg8 x1vvkbs x3nfvp2 x1j61x8r x1fcty0u xdj266r xat24cr xgzva0m xhhsvwb xxymvpz xlup9mm x1kky2od\"><img loading=\"lazy\" class=\"xz74otr\" src=\"https:\/\/static.xx.fbcdn.net\/images\/emoji.php\/v9\/t9e\/1\/16\/1f4d6.png\" alt=\"\ud83d\udcd6\" width=\"16\" height=\"16\" \/><\/span><\/p>\n<p><em>&#8220;<span class=\"OYPEnA font-feature-liga-off font-feature-clig-off font-feature-calt-off text-decoration-none text-strikethrough-none\">Apr\u00e8s avoir pass\u00e9 25 ans aux Nations unies \u00e0 d\u00e9fendre l&#8217;\u00e9ducation des femmes et des filles, j&#8217;ai d\u00e9couvert minibiblioPLUS et j&#8217;ai commenc\u00e9 \u00e0 raconter des histoires dans une garderie extraordinaire \u00e0 Snowdon. C&#8217;est incroyable de voir comment l&#8217;\u00e9ducation et l&#8217;alphab\u00e9tisation des jeunes enfants transforment des vies. La joie des enfants lorsqu&#8217;ils d\u00e9couvrent la magie des histoires n&#8217;a vraiment pas de prix. Je m&#8217;amuse autant qu&#8217;eux !<\/span>&#8220;<\/em><\/p>\n","protected":false},"excerpt":{"rendered":"<p>Amy Otchet Nous sommes tr\u00e8s heureux d\u2019annoncer notre b\u00e9n\u00e9vole du mois de d\u00e9cembre 2024- Amy Otchet , une animatrice extraordinaire de l\u2019heure du conte depuis 2022. Amy adore faire rire les enfants lors de ses lectures, et s&#8217;est m\u00eame d\u00e9guis\u00e9e en clown ! Voici ce qu\u2019elle a \u00e0 dire sur son exp\u00e9rience. &#8220;Apr\u00e8s avoir pass\u00e9 25 ans aux Nations unies \u00e0 d\u00e9fendre l&#8217;\u00e9ducation des femmes et des filles, j&#8217;ai d\u00e9couvert minibiblioPLUS et j&#8217;ai commenc\u00e9 \u00e0 raconter des histoires dans une&hellip;<\/p>\n","protected":false},"author":1,"featured_media":0,"comment_status":"open","ping_status":"open","sticky":false,"template":"","format":"standard","meta":{"om_disable_all_campaigns":false,"_monsterinsights_skip_tracking":false,"_monsterinsights_sitenote_active":false,"_monsterinsights_sitenote_note":"","_monsterinsights_sitenote_category":0},"categories":[],"tags":[],"aioseo_notices":[],"_links":{"self":[{"href":"https:\/\/www.minibiblioplus.org\/index.php\/wp-json\/wp\/v2\/posts\/6146"}],"collection":[{"href":"https:\/\/www.minibiblioplus.org\/index.php\/wp-json\/wp\/v2\/posts"}],"about":[{"href":"https:\/\/www.minibiblioplus.org\/index.php\/wp-json\/wp\/v2\/types\/post"}],"author":[{"embeddable":true,"href":"https:\/\/www.minibiblioplus.org\/index.php\/wp-json\/wp\/v2\/users\/1"}],"replies":[{"embeddable":true,"href":"https:\/\/www.minibiblioplus.org\/index.php\/wp-json\/wp\/v2\/comments?post=6146"}],"version-history":[{"count":1,"href":"https:\/\/www.minibiblioplus.org\/index.php\/wp-json\/wp\/v2\/posts\/6146\/revisions"}],"predecessor-version":[{"id":6148,"href":"https:\/\/www.minibiblioplus.org\/index.php\/wp-json\/wp\/v2\/posts\/6146\/revisions\/6148"}],"wp:attachment":[{"href":"https:\/\/www.minibiblioplus.org\/index.php\/wp-json\/wp\/v2\/media?parent=6146"}],"wp:term":[{"taxonomy":"category","embeddable":true,"href":"https:\/\/www.minibiblioplus.org\/index.php\/wp-json\/wp\/v2\/categories?post=6146"},{"taxonomy":"post_tag","embeddable":true,"href":"https:\/\/www.minibiblioplus.org\/index.php\/wp-json\/wp\/v2\/tags?post=6146"}],"curies":[{"name":"wp","href":"https:\/\/api.w.org\/{rel}","templated":true}]}}