{"id":6234,"date":"2025-02-26T14:33:24","date_gmt":"2025-02-26T19:33:24","guid":{"rendered":"https:\/\/www.minibiblioplus.org\/?p=6234"},"modified":"2025-02-26T14:33:24","modified_gmt":"2025-02-26T19:33:24","slug":"benevole-du-mois-fevrier-2025","status":"publish","type":"post","link":"https:\/\/www.minibiblioplus.org\/index.php\/2025\/02\/26\/benevole-du-mois-fevrier-2025\/","title":{"rendered":"B\u00e9n\u00e9vole du mois- F\u00e9vrier 2025"},"content":{"rendered":"<p><img loading=\"lazy\" class=\"alignnone size-medium wp-image-6235\" src=\"https:\/\/www.minibiblioplus.org\/wp-content\/uploads\/2025\/02\/image0-1-225x300.jpeg\" alt=\"\" width=\"225\" height=\"300\" srcset=\"https:\/\/www.minibiblioplus.org\/wp-content\/uploads\/2025\/02\/image0-1-225x300.jpeg 225w, https:\/\/www.minibiblioplus.org\/wp-content\/uploads\/2025\/02\/image0-1-768x1024.jpeg 768w, https:\/\/www.minibiblioplus.org\/wp-content\/uploads\/2025\/02\/image0-1-1152x1536.jpeg 1152w, https:\/\/www.minibiblioplus.org\/wp-content\/uploads\/2025\/02\/image0-1-1536x2048.jpeg 1536w, https:\/\/www.minibiblioplus.org\/wp-content\/uploads\/2025\/02\/image0-1-scaled.jpeg 1920w\" sizes=\"(max-width: 225px) 100vw, 225px\" \/><\/p>\n<h4><span style=\"color: #0000ff;\">Claudia Pateras<\/span><\/h4>\n<p>\ud83d\udc4f\ud83e\udd29 F\u00e9licitations \u00e0 notre toute nouvelle b\u00e9n\u00e9vole du mois pour f\u00e9vrier, Claudia ! Claudia est une b\u00e9n\u00e9vole d\u2019animation de l\u2019heure du conte souriante qui apporte beaucoup de joie aux enfants avec ses lectures. Voici ce qu\u2019elle dit de son exp\u00e9rience :<\/p>\n<p><em><span class=\"OYPEnA font-feature-liga-off font-feature-clig-off font-feature-calt-off text-decoration-none text-strikethrough-none\">&#8220;Quelle merveilleuse exp\u00e9rience qui m&#8217;a permis de partager ma passion de la lecture, comme je le fesais avec mes neveux lorsqu&#8217;ils \u00e9taient petits. C&#8217;\u00e9tait l&#8217;une de mes activit\u00e9s pr\u00e9f\u00e9r\u00e9es avec eux : plonger dans de nouveaux mondes et les faire vivre avec des voix diff\u00e9rentes, et \u00eatre t\u00e9moin de la joie, des rires et de l&#8217;\u00e9merveillement que la lecture apporte. <\/span><span class=\"OYPEnA font-feature-liga-off font-feature-clig-off font-feature-calt-off text-decoration-none text-strikethrough-none\">Ce sont des moments privil\u00e9gi\u00e9s que chaque enfant m\u00e9rite<\/span><span class=\"OYPEnA font-feature-liga-off font-feature-clig-off font-feature-calt-off text-decoration-none text-strikethrough-none\">. <\/span><\/em><\/p>\n<p><em><span class=\"OYPEnA font-feature-liga-off font-feature-clig-off font-feature-calt-off text-decoration-none text-strikethrough-none\">C&#8217;est une exp\u00e9rience b\u00e9n\u00e9vole incroyable que j&#8217;esp\u00e8re encourager d&#8217;autres \u00e0 d\u00e9couvrir. Mes s\u00e9ances de b\u00e9n\u00e9volat dans une garderie locale ont \u00e9t\u00e9 tr\u00e8s amusantes. C&#8217;est tr\u00e8s gratifiant et touchant de voir \u00e0 quel point les enfants sont heureux et enthousiastes \u00e0 l&#8217;heure du conte. Les membres du personnel sont formidables et tr\u00e8s accueillants. Je tiens \u00e0 remercier tous les membres de minibiblioPLUS pour leur gentillesse et leur soutien, et \u00e0 souligner le travail extraordinaire qu&#8217;ils accomplissent pour soutenir l&#8217;alphab\u00e9tisation des enfants, qui est extr\u00eamement importante pour leur d\u00e9veloppement, et qui les aidera \u00e0 ouvrir des portes \u00e0 la fois sur le plan personnel et sur le plan professionnel.&#8221;<\/span><\/em><\/p>\n<p>&nbsp;<\/p>\n","protected":false},"excerpt":{"rendered":"<p>Claudia Pateras \ud83d\udc4f\ud83e\udd29 F\u00e9licitations \u00e0 notre toute nouvelle b\u00e9n\u00e9vole du mois pour f\u00e9vrier, Claudia ! Claudia est une b\u00e9n\u00e9vole d\u2019animation de l\u2019heure du conte souriante qui apporte beaucoup de joie aux enfants avec ses lectures. Voici ce qu\u2019elle dit de son exp\u00e9rience : &#8220;Quelle merveilleuse exp\u00e9rience qui m&#8217;a permis de partager ma passion de la lecture, comme je le fesais avec mes neveux lorsqu&#8217;ils \u00e9taient petits. C&#8217;\u00e9tait l&#8217;une de mes activit\u00e9s pr\u00e9f\u00e9r\u00e9es avec eux : plonger dans de nouveaux mondes&hellip;<\/p>\n","protected":false},"author":1,"featured_media":0,"comment_status":"open","ping_status":"open","sticky":false,"template":"","format":"standard","meta":{"om_disable_all_campaigns":false,"_monsterinsights_skip_tracking":false,"_monsterinsights_sitenote_active":false,"_monsterinsights_sitenote_note":"","_monsterinsights_sitenote_category":0},"categories":[44,51],"tags":[],"aioseo_notices":[],"_links":{"self":[{"href":"https:\/\/www.minibiblioplus.org\/index.php\/wp-json\/wp\/v2\/posts\/6234"}],"collection":[{"href":"https:\/\/www.minibiblioplus.org\/index.php\/wp-json\/wp\/v2\/posts"}],"about":[{"href":"https:\/\/www.minibiblioplus.org\/index.php\/wp-json\/wp\/v2\/types\/post"}],"author":[{"embeddable":true,"href":"https:\/\/www.minibiblioplus.org\/index.php\/wp-json\/wp\/v2\/users\/1"}],"replies":[{"embeddable":true,"href":"https:\/\/www.minibiblioplus.org\/index.php\/wp-json\/wp\/v2\/comments?post=6234"}],"version-history":[{"count":1,"href":"https:\/\/www.minibiblioplus.org\/index.php\/wp-json\/wp\/v2\/posts\/6234\/revisions"}],"predecessor-version":[{"id":6236,"href":"https:\/\/www.minibiblioplus.org\/index.php\/wp-json\/wp\/v2\/posts\/6234\/revisions\/6236"}],"wp:attachment":[{"href":"https:\/\/www.minibiblioplus.org\/index.php\/wp-json\/wp\/v2\/media?parent=6234"}],"wp:term":[{"taxonomy":"category","embeddable":true,"href":"https:\/\/www.minibiblioplus.org\/index.php\/wp-json\/wp\/v2\/categories?post=6234"},{"taxonomy":"post_tag","embeddable":true,"href":"https:\/\/www.minibiblioplus.org\/index.php\/wp-json\/wp\/v2\/tags?post=6234"}],"curies":[{"name":"wp","href":"https:\/\/api.w.org\/{rel}","templated":true}]}}