{"id":6273,"date":"2025-03-28T10:46:41","date_gmt":"2025-03-28T14:46:41","guid":{"rendered":"https:\/\/www.minibiblioplus.org\/?p=6273"},"modified":"2025-03-28T10:46:41","modified_gmt":"2025-03-28T14:46:41","slug":"benevole-du-mois-mars-2025","status":"publish","type":"post","link":"https:\/\/www.minibiblioplus.org\/index.php\/2025\/03\/28\/benevole-du-mois-mars-2025\/","title":{"rendered":"B\u00e9n\u00e9vole du mois &#8211; Mars 2025"},"content":{"rendered":"<h4><img loading=\"lazy\" class=\"alignnone size-medium wp-image-6274\" src=\"https:\/\/www.minibiblioplus.org\/wp-content\/uploads\/2025\/03\/Volunteer-Nomination-241x300.jpg\" alt=\"\" width=\"241\" height=\"300\" srcset=\"https:\/\/www.minibiblioplus.org\/wp-content\/uploads\/2025\/03\/Volunteer-Nomination-241x300.jpg 241w, https:\/\/www.minibiblioplus.org\/wp-content\/uploads\/2025\/03\/Volunteer-Nomination-822x1024.jpg 822w, https:\/\/www.minibiblioplus.org\/wp-content\/uploads\/2025\/03\/Volunteer-Nomination-768x956.jpg 768w, https:\/\/www.minibiblioplus.org\/wp-content\/uploads\/2025\/03\/Volunteer-Nomination-1234x1536.jpg 1234w, https:\/\/www.minibiblioplus.org\/wp-content\/uploads\/2025\/03\/Volunteer-Nomination-1645x2048.jpg 1645w\" sizes=\"(max-width: 241px) 100vw, 241px\" \/><\/h4>\n<h4><span style=\"color: #0000ff;\" data-teams=\"true\">Abril Rivera<\/span><\/h4>\n<p>\ud83e\udd73\ud83d\udc4f Nous annon\u00e7ons notre nouvelle b\u00e9n\u00e9vole du mois de mars, Abril! Abril est all\u00e9e au-del\u00e0 des s\u00e9ances hebdomadaires de l&#8217;Heure du conte, prenant le temps de participer \u00e0 des \u00e9v\u00e9nements sp\u00e9ciaux et apportant toujours une \u00e9nergie lumineuse \u00e0 ses lectures. Voici ce qu&#8217;elle dit de son exp\u00e9rience:<\/p>\n<p><em>\u00ab \u00catre b\u00e9n\u00e9vole \u00e0 Minibiblioplus, c&#8217;est se nourrir de l&#8217;imagination des jeunes enfants. <\/em><\/p>\n<p><em><span class=\"OYPEnA font-feature-liga-off font-feature-clig-off font-feature-calt-off text-decoration-none text-strikethrough-none\">Non seulement j&#8217;apprends \u00e0 \u00e9tablir des liens avec eux, mais je fais \u00e9galement ressortir l&#8217;enfant qui est en moi. <\/span><span class=\"OYPEnA font-feature-liga-off font-feature-clig-off font-feature-calt-off text-decoration-none text-strikethrough-none\">Les initiatives de Minibiblioplus sont un excellent point de d\u00e9part pour motiver les enfants \u00e0 lire d\u00e8s leur plus jeune \u00e2ge et \u00e0 d\u00e9velopper leurs comp\u00e9tences linguistiques. J&#8217;ai \u00e9galement \u00e9t\u00e9 surprise par la patience et l&#8217;empathie dont je fais preuve \u00e0 leur \u00e9gard, en particulier lorsque je pr\u00eate attention \u00e0 leurs petites pens\u00e9es et expressions au fil de nos lectures. <\/span><\/em><\/p>\n<p><em><span class=\"OYPEnA font-feature-liga-off font-feature-clig-off font-feature-calt-off text-decoration-none text-strikethrough-none\">Les enfants attendent avec impatience de me voir, car chaque s\u00e9ance de lecture est une nouvelle aventure<\/span> ! \u00bb<\/em><\/p>\n","protected":false},"excerpt":{"rendered":"<p>Abril Rivera \ud83e\udd73\ud83d\udc4f Nous annon\u00e7ons notre nouvelle b\u00e9n\u00e9vole du mois de mars, Abril! Abril est all\u00e9e au-del\u00e0 des s\u00e9ances hebdomadaires de l&#8217;Heure du conte, prenant le temps de participer \u00e0 des \u00e9v\u00e9nements sp\u00e9ciaux et apportant toujours une \u00e9nergie lumineuse \u00e0 ses lectures. Voici ce qu&#8217;elle dit de son exp\u00e9rience: \u00ab \u00catre b\u00e9n\u00e9vole \u00e0 Minibiblioplus, c&#8217;est se nourrir de l&#8217;imagination des jeunes enfants. Non seulement j&#8217;apprends \u00e0 \u00e9tablir des liens avec eux, mais je fais \u00e9galement ressortir l&#8217;enfant qui est en&hellip;<\/p>\n","protected":false},"author":1,"featured_media":0,"comment_status":"open","ping_status":"open","sticky":false,"template":"","format":"standard","meta":{"om_disable_all_campaigns":false,"_monsterinsights_skip_tracking":false,"_monsterinsights_sitenote_active":false,"_monsterinsights_sitenote_note":"","_monsterinsights_sitenote_category":0},"categories":[44,51],"tags":[],"aioseo_notices":[],"_links":{"self":[{"href":"https:\/\/www.minibiblioplus.org\/index.php\/wp-json\/wp\/v2\/posts\/6273"}],"collection":[{"href":"https:\/\/www.minibiblioplus.org\/index.php\/wp-json\/wp\/v2\/posts"}],"about":[{"href":"https:\/\/www.minibiblioplus.org\/index.php\/wp-json\/wp\/v2\/types\/post"}],"author":[{"embeddable":true,"href":"https:\/\/www.minibiblioplus.org\/index.php\/wp-json\/wp\/v2\/users\/1"}],"replies":[{"embeddable":true,"href":"https:\/\/www.minibiblioplus.org\/index.php\/wp-json\/wp\/v2\/comments?post=6273"}],"version-history":[{"count":1,"href":"https:\/\/www.minibiblioplus.org\/index.php\/wp-json\/wp\/v2\/posts\/6273\/revisions"}],"predecessor-version":[{"id":6275,"href":"https:\/\/www.minibiblioplus.org\/index.php\/wp-json\/wp\/v2\/posts\/6273\/revisions\/6275"}],"wp:attachment":[{"href":"https:\/\/www.minibiblioplus.org\/index.php\/wp-json\/wp\/v2\/media?parent=6273"}],"wp:term":[{"taxonomy":"category","embeddable":true,"href":"https:\/\/www.minibiblioplus.org\/index.php\/wp-json\/wp\/v2\/categories?post=6273"},{"taxonomy":"post_tag","embeddable":true,"href":"https:\/\/www.minibiblioplus.org\/index.php\/wp-json\/wp\/v2\/tags?post=6273"}],"curies":[{"name":"wp","href":"https:\/\/api.w.org\/{rel}","templated":true}]}}