{"id":6656,"date":"2025-06-18T09:19:30","date_gmt":"2025-06-18T13:19:30","guid":{"rendered":"https:\/\/www.minibiblioplus.org\/?p=6656"},"modified":"2025-06-18T09:26:55","modified_gmt":"2025-06-18T13:26:55","slug":"livre-du-mois-juin-3","status":"publish","type":"post","link":"https:\/\/www.minibiblioplus.org\/index.php\/2025\/06\/18\/livre-du-mois-juin-3\/","title":{"rendered":"Livre du mois &#8211; Juin 2025"},"content":{"rendered":"<p><a href=\"https:\/\/www.minibiblioplus.org\/wp-content\/uploads\/2025\/06\/Book-of-the-month_June-2025-FR-1-1.pdf\"><img loading=\"lazy\" class=\"alignnone size-medium wp-image-6660\" src=\"https:\/\/www.minibiblioplus.org\/wp-content\/uploads\/2025\/06\/Screenshot-2025-06-18-092516-300x297.png\" alt=\"\" width=\"300\" height=\"297\" srcset=\"https:\/\/www.minibiblioplus.org\/wp-content\/uploads\/2025\/06\/Screenshot-2025-06-18-092516-300x297.png 300w, https:\/\/www.minibiblioplus.org\/wp-content\/uploads\/2025\/06\/Screenshot-2025-06-18-092516-1024x1015.png 1024w, https:\/\/www.minibiblioplus.org\/wp-content\/uploads\/2025\/06\/Screenshot-2025-06-18-092516-150x150.png 150w, https:\/\/www.minibiblioplus.org\/wp-content\/uploads\/2025\/06\/Screenshot-2025-06-18-092516-768x761.png 768w, https:\/\/www.minibiblioplus.org\/wp-content\/uploads\/2025\/06\/Screenshot-2025-06-18-092516.png 1059w\" sizes=\"(max-width: 300px) 100vw, 300px\" \/><\/a><\/p>\n<p>\ud83d\udcda\ud83c\udf8a Betsy Laruche sauve les abeilles : \ud83d\udc1d\ud83d\udc1d<\/p>\n<p>Voici Betsy, une jeune fille qui adore les abeilles, les insectes et tout ce qui s&#8217;y rapporte. Mais dans cette histoire, certaines de ses cr\u00e9atures pr\u00e9f\u00e9r\u00e9es risquent de perdre leur maison ! Pourra-t-elle sauver les abeilles ? Lisez notre livre du mois pour le savoir !<\/p>\n<p>Cliquez sur la photo pour acc\u00e9der \u00e0 notre liste d\u2019activit\u00e9s pour compl\u00e9menter votre lecture !<\/p>\n","protected":false},"excerpt":{"rendered":"<p>\ud83d\udcda\ud83c\udf8a Betsy Laruche sauve les abeilles : \ud83d\udc1d\ud83d\udc1d Voici Betsy, une jeune fille qui adore les abeilles, les insectes et tout ce qui s&#8217;y rapporte. Mais dans cette histoire, certaines de ses cr\u00e9atures pr\u00e9f\u00e9r\u00e9es risquent de perdre leur maison ! Pourra-t-elle sauver les abeilles ? Lisez notre livre du mois pour le savoir ! Cliquez sur la photo pour acc\u00e9der \u00e0 notre liste d\u2019activit\u00e9s pour compl\u00e9menter votre lecture !<\/p>\n","protected":false},"author":1,"featured_media":0,"comment_status":"open","ping_status":"open","sticky":false,"template":"","format":"standard","meta":{"om_disable_all_campaigns":false,"_monsterinsights_skip_tracking":false,"_monsterinsights_sitenote_active":false,"_monsterinsights_sitenote_note":"","_monsterinsights_sitenote_category":0},"categories":[51,89],"tags":[],"aioseo_notices":[],"_links":{"self":[{"href":"https:\/\/www.minibiblioplus.org\/index.php\/wp-json\/wp\/v2\/posts\/6656"}],"collection":[{"href":"https:\/\/www.minibiblioplus.org\/index.php\/wp-json\/wp\/v2\/posts"}],"about":[{"href":"https:\/\/www.minibiblioplus.org\/index.php\/wp-json\/wp\/v2\/types\/post"}],"author":[{"embeddable":true,"href":"https:\/\/www.minibiblioplus.org\/index.php\/wp-json\/wp\/v2\/users\/1"}],"replies":[{"embeddable":true,"href":"https:\/\/www.minibiblioplus.org\/index.php\/wp-json\/wp\/v2\/comments?post=6656"}],"version-history":[{"count":4,"href":"https:\/\/www.minibiblioplus.org\/index.php\/wp-json\/wp\/v2\/posts\/6656\/revisions"}],"predecessor-version":[{"id":6663,"href":"https:\/\/www.minibiblioplus.org\/index.php\/wp-json\/wp\/v2\/posts\/6656\/revisions\/6663"}],"wp:attachment":[{"href":"https:\/\/www.minibiblioplus.org\/index.php\/wp-json\/wp\/v2\/media?parent=6656"}],"wp:term":[{"taxonomy":"category","embeddable":true,"href":"https:\/\/www.minibiblioplus.org\/index.php\/wp-json\/wp\/v2\/categories?post=6656"},{"taxonomy":"post_tag","embeddable":true,"href":"https:\/\/www.minibiblioplus.org\/index.php\/wp-json\/wp\/v2\/tags?post=6656"}],"curies":[{"name":"wp","href":"https:\/\/api.w.org\/{rel}","templated":true}]}}