{"id":7046,"date":"2025-07-22T10:08:39","date_gmt":"2025-07-22T14:08:39","guid":{"rendered":"https:\/\/www.minibiblioplus.org\/?p=7046"},"modified":"2025-07-22T10:10:00","modified_gmt":"2025-07-22T14:10:00","slug":"benevole-du-mois-juillet-2025","status":"publish","type":"post","link":"https:\/\/www.minibiblioplus.org\/index.php\/2025\/07\/22\/benevole-du-mois-juillet-2025\/","title":{"rendered":"B\u00e9n\u00e9vole du mois &#8211; Juillet 2025"},"content":{"rendered":"<p><img loading=\"lazy\" class=\"alignnone size-medium wp-image-7047\" src=\"https:\/\/www.minibiblioplus.org\/wp-content\/uploads\/2025\/07\/Screenshot-2025-07-22-100415-1-300x224.png\" alt=\"\" width=\"300\" height=\"224\" srcset=\"https:\/\/www.minibiblioplus.org\/wp-content\/uploads\/2025\/07\/Screenshot-2025-07-22-100415-1-300x224.png 300w, https:\/\/www.minibiblioplus.org\/wp-content\/uploads\/2025\/07\/Screenshot-2025-07-22-100415-1.png 757w\" sizes=\"(max-width: 300px) 100vw, 300px\" \/><\/p>\n<h4><span style=\"color: #0000ff;\">Ga\u00e9tan Talbot<\/span><\/h4>\n<p><span class=\"html-span xexx8yu x4uap5 x18d9i69 xkhd6sd x1hl2dhg x16tdsg8 x1vvkbs x3nfvp2 x1j61x8r x1fcty0u xdj266r xat24cr xgzva0m xhhsvwb xxymvpz xlup9mm x1kky2od\"><img loading=\"lazy\" class=\"xz74otr\" src=\"https:\/\/static.xx.fbcdn.net\/images\/emoji.php\/v9\/tfe\/1\/16\/1f44f.png\" alt=\"\ud83d\udc4f\" width=\"16\" height=\"16\" \/>\u00a0<\/span><span class=\"html-span xexx8yu x4uap5 x18d9i69 xkhd6sd x1hl2dhg x16tdsg8 x1vvkbs x3nfvp2 x1j61x8r x1fcty0u xdj266r xat24cr xgzva0m xhhsvwb xxymvpz xlup9mm x1kky2od\"><img loading=\"lazy\" class=\"xz74otr\" src=\"https:\/\/static.xx.fbcdn.net\/images\/emoji.php\/v9\/t58\/1\/16\/1f929.png\" alt=\"\ud83e\udd29\" width=\"16\" height=\"16\" \/>\u00a0<\/span>Nous annon\u00e7ons notre nouveau b\u00e9n\u00e9vole du mois de juillet, Ga\u00e9tan, livreur de livres ! F\u00e9licitations et merci de faire du b\u00e9n\u00e9volat dans notre biblioth\u00e8que. Voici ce qu\u2019il dit de son exp\u00e9rience :<\/p>\n<p><em>&#8220;Je suis b\u00e9n\u00e9vole depuis 2 mois et j&#8217;ai \u00e9t\u00e9 surpris de voir la grande quantit\u00e9 de livres distribu\u00e9s \u00e0 de nombreux organismes. <\/em><em>C&#8217;est encourageant de voir tous les efforts d\u00e9ploy\u00e9s par l&#8217;\u00e9quipe de Minibiblioplus pour promouvoir et d\u00e9velopper l&#8217;int\u00e9r\u00eat de la lecture chez les \u00a0enfants d\u00e8s leurs plus jeunes \u00e2ges.<\/em><\/p>\n<p><em>De plus, pour la distribution des livres, tout est bien planifi\u00e9, par une \u00e9quipe toujours souriante, \u00e7a aide grandement le travail. <\/em><em>Je suis heureux de contribuer \u00e0 une cause aussi importante que l&#8217;alphab\u00e9tisation, c&#8217;est tellement important dans notre soci\u00e9t\u00e9.<\/em><\/p>\n<p><em>Merci \u00e0 Minibiblioplus&#8221;<\/em><\/p>\n","protected":false},"excerpt":{"rendered":"<p>Ga\u00e9tan Talbot \u00a0\u00a0Nous annon\u00e7ons notre nouveau b\u00e9n\u00e9vole du mois de juillet, Ga\u00e9tan, livreur de livres ! F\u00e9licitations et merci de faire du b\u00e9n\u00e9volat dans notre biblioth\u00e8que. Voici ce qu\u2019il dit de son exp\u00e9rience : &#8220;Je suis b\u00e9n\u00e9vole depuis 2 mois et j&#8217;ai \u00e9t\u00e9 surpris de voir la grande quantit\u00e9 de livres distribu\u00e9s \u00e0 de nombreux organismes. C&#8217;est encourageant de voir tous les efforts d\u00e9ploy\u00e9s par l&#8217;\u00e9quipe de Minibiblioplus pour promouvoir et d\u00e9velopper l&#8217;int\u00e9r\u00eat de la lecture chez les \u00a0enfants d\u00e8s&hellip;<\/p>\n","protected":false},"author":1,"featured_media":0,"comment_status":"open","ping_status":"open","sticky":false,"template":"","format":"standard","meta":{"om_disable_all_campaigns":false,"_monsterinsights_skip_tracking":false,"_monsterinsights_sitenote_active":false,"_monsterinsights_sitenote_note":"","_monsterinsights_sitenote_category":0},"categories":[44,51],"tags":[],"aioseo_notices":[],"_links":{"self":[{"href":"https:\/\/www.minibiblioplus.org\/index.php\/wp-json\/wp\/v2\/posts\/7046"}],"collection":[{"href":"https:\/\/www.minibiblioplus.org\/index.php\/wp-json\/wp\/v2\/posts"}],"about":[{"href":"https:\/\/www.minibiblioplus.org\/index.php\/wp-json\/wp\/v2\/types\/post"}],"author":[{"embeddable":true,"href":"https:\/\/www.minibiblioplus.org\/index.php\/wp-json\/wp\/v2\/users\/1"}],"replies":[{"embeddable":true,"href":"https:\/\/www.minibiblioplus.org\/index.php\/wp-json\/wp\/v2\/comments?post=7046"}],"version-history":[{"count":2,"href":"https:\/\/www.minibiblioplus.org\/index.php\/wp-json\/wp\/v2\/posts\/7046\/revisions"}],"predecessor-version":[{"id":7049,"href":"https:\/\/www.minibiblioplus.org\/index.php\/wp-json\/wp\/v2\/posts\/7046\/revisions\/7049"}],"wp:attachment":[{"href":"https:\/\/www.minibiblioplus.org\/index.php\/wp-json\/wp\/v2\/media?parent=7046"}],"wp:term":[{"taxonomy":"category","embeddable":true,"href":"https:\/\/www.minibiblioplus.org\/index.php\/wp-json\/wp\/v2\/categories?post=7046"},{"taxonomy":"post_tag","embeddable":true,"href":"https:\/\/www.minibiblioplus.org\/index.php\/wp-json\/wp\/v2\/tags?post=7046"}],"curies":[{"name":"wp","href":"https:\/\/api.w.org\/{rel}","templated":true}]}}