{"id":7093,"date":"2025-08-06T09:00:16","date_gmt":"2025-08-06T13:00:16","guid":{"rendered":"https:\/\/www.minibiblioplus.org\/?p=7093"},"modified":"2025-07-30T15:19:46","modified_gmt":"2025-07-30T19:19:46","slug":"livre-du-mois-aout-2025","status":"publish","type":"post","link":"https:\/\/www.minibiblioplus.org\/index.php\/2025\/08\/06\/livre-du-mois-aout-2025\/","title":{"rendered":"Livre du mois &#8211; Ao\u00fbt 2025"},"content":{"rendered":"<p><a href=\"https:\/\/www.minibiblioplus.org\/wp-content\/uploads\/2025\/07\/Book-of-the-month_August-2025-1.pdf\"><img loading=\"lazy\" class=\"alignnone size-medium wp-image-7094\" src=\"https:\/\/www.minibiblioplus.org\/wp-content\/uploads\/2025\/07\/Screenshot-2025-07-30-125926-1-300x300.png\" alt=\"\" width=\"300\" height=\"300\" srcset=\"https:\/\/www.minibiblioplus.org\/wp-content\/uploads\/2025\/07\/Screenshot-2025-07-30-125926-1-300x300.png 300w, https:\/\/www.minibiblioplus.org\/wp-content\/uploads\/2025\/07\/Screenshot-2025-07-30-125926-1-1021x1024.png 1021w, https:\/\/www.minibiblioplus.org\/wp-content\/uploads\/2025\/07\/Screenshot-2025-07-30-125926-1-150x150.png 150w, https:\/\/www.minibiblioplus.org\/wp-content\/uploads\/2025\/07\/Screenshot-2025-07-30-125926-1-768x770.png 768w, https:\/\/www.minibiblioplus.org\/wp-content\/uploads\/2025\/07\/Screenshot-2025-07-30-125926-1-600x600.png 600w, https:\/\/www.minibiblioplus.org\/wp-content\/uploads\/2025\/07\/Screenshot-2025-07-30-125926-1.png 1072w\" sizes=\"(max-width: 300px) 100vw, 300px\" \/><\/a><\/p>\n<p><em>Le prince et le chevalier<\/em> raconte l&#8217;histoire d&#8217;un prince courageux et d&#8217;un chevalier fringant qui se battent ensemble contre un dragon f\u00e9roce pour sauver le royaume. Mais plus que la victoire, c&#8217;est l&#8217;amour qu&#8217;ils trouvent. Savourez cette charmante histoire juste \u00e0 temps pour la saison des fiert\u00e9s !<\/p>\n<p>Cliquez sur la photo pour acc\u00e9der\u00a0<a href=\"https:\/\/www.minibiblioplus.org\/wp-content\/uploads\/2025\/07\/Book-of-the-month_July-2025-FR.pdf\">\u00e0<\/a><a href=\"https:\/\/www.minibiblioplus.org\/wp-content\/uploads\/2025\/07\/Book-of-the-month_August-2025-1.pdf\">\u00a0notre kit d&#8217;activit\u00e9s<\/a> gratuit !<\/p>\n","protected":false},"excerpt":{"rendered":"<p>Le prince et le chevalier raconte l&#8217;histoire d&#8217;un prince courageux et d&#8217;un chevalier fringant qui se battent ensemble contre un dragon f\u00e9roce pour sauver le royaume. Mais plus que la victoire, c&#8217;est l&#8217;amour qu&#8217;ils trouvent. Savourez cette charmante histoire juste \u00e0 temps pour la saison des fiert\u00e9s ! Cliquez sur la photo pour acc\u00e9der\u00a0\u00e0\u00a0notre kit d&#8217;activit\u00e9s gratuit !<\/p>\n","protected":false},"author":1,"featured_media":0,"comment_status":"open","ping_status":"open","sticky":false,"template":"","format":"standard","meta":{"om_disable_all_campaigns":false,"_monsterinsights_skip_tracking":false,"_monsterinsights_sitenote_active":false,"_monsterinsights_sitenote_note":"","_monsterinsights_sitenote_category":0},"categories":[51,89],"tags":[],"aioseo_notices":[],"_links":{"self":[{"href":"https:\/\/www.minibiblioplus.org\/index.php\/wp-json\/wp\/v2\/posts\/7093"}],"collection":[{"href":"https:\/\/www.minibiblioplus.org\/index.php\/wp-json\/wp\/v2\/posts"}],"about":[{"href":"https:\/\/www.minibiblioplus.org\/index.php\/wp-json\/wp\/v2\/types\/post"}],"author":[{"embeddable":true,"href":"https:\/\/www.minibiblioplus.org\/index.php\/wp-json\/wp\/v2\/users\/1"}],"replies":[{"embeddable":true,"href":"https:\/\/www.minibiblioplus.org\/index.php\/wp-json\/wp\/v2\/comments?post=7093"}],"version-history":[{"count":1,"href":"https:\/\/www.minibiblioplus.org\/index.php\/wp-json\/wp\/v2\/posts\/7093\/revisions"}],"predecessor-version":[{"id":7096,"href":"https:\/\/www.minibiblioplus.org\/index.php\/wp-json\/wp\/v2\/posts\/7093\/revisions\/7096"}],"wp:attachment":[{"href":"https:\/\/www.minibiblioplus.org\/index.php\/wp-json\/wp\/v2\/media?parent=7093"}],"wp:term":[{"taxonomy":"category","embeddable":true,"href":"https:\/\/www.minibiblioplus.org\/index.php\/wp-json\/wp\/v2\/categories?post=7093"},{"taxonomy":"post_tag","embeddable":true,"href":"https:\/\/www.minibiblioplus.org\/index.php\/wp-json\/wp\/v2\/tags?post=7093"}],"curies":[{"name":"wp","href":"https:\/\/api.w.org\/{rel}","templated":true}]}}