{"id":7259,"date":"2025-08-20T09:00:47","date_gmt":"2025-08-20T13:00:47","guid":{"rendered":"https:\/\/www.minibiblioplus.org\/?p=7259"},"modified":"2025-08-12T10:41:16","modified_gmt":"2025-08-12T14:41:16","slug":"benevole-du-mois-aout-2025","status":"publish","type":"post","link":"https:\/\/www.minibiblioplus.org\/index.php\/2025\/08\/20\/benevole-du-mois-aout-2025\/","title":{"rendered":"B\u00e9n\u00e9vole du mois: Ao\u00fbt 2025"},"content":{"rendered":"<p><img loading=\"lazy\" class=\"alignnone size-medium wp-image-7260\" src=\"https:\/\/www.minibiblioplus.org\/wp-content\/uploads\/2025\/08\/Screenshot-2025-08-12-102823-1-300x281.png\" alt=\"\" width=\"300\" height=\"281\" srcset=\"https:\/\/www.minibiblioplus.org\/wp-content\/uploads\/2025\/08\/Screenshot-2025-08-12-102823-1-300x281.png 300w, https:\/\/www.minibiblioplus.org\/wp-content\/uploads\/2025\/08\/Screenshot-2025-08-12-102823-1.png 668w\" sizes=\"(max-width: 300px) 100vw, 300px\" \/><\/p>\n<h4><span style=\"color: #0000ff;\">Antora Saha<\/span><\/h4>\n<p><span class=\"html-span xexx8yu x4uap5 x18d9i69 xkhd6sd x1hl2dhg x16tdsg8 x1vvkbs x3nfvp2 x1j61x8r x1fcty0u xdj266r xat24cr xgzva0m xhhsvwb xxymvpz xlup9mm x1kky2od\"><img loading=\"lazy\" class=\"xz74otr\" src=\"https:\/\/static.xx.fbcdn.net\/images\/emoji.php\/v9\/tfe\/1\/16\/1f44f.png\" alt=\"\ud83d\udc4f\" width=\"16\" height=\"16\" \/>\u00a0<\/span><span class=\"html-span xexx8yu x4uap5 x18d9i69 xkhd6sd x1hl2dhg x16tdsg8 x1vvkbs x3nfvp2 x1j61x8r x1fcty0u xdj266r xat24cr xgzva0m xhhsvwb xxymvpz xlup9mm x1kky2od\"><img loading=\"lazy\" class=\"xz74otr\" src=\"https:\/\/static.xx.fbcdn.net\/images\/emoji.php\/v9\/t58\/1\/16\/1f929.png\" alt=\"\ud83e\udd29\" width=\"16\" height=\"16\" \/>\u00a0<\/span>Nous annon\u00e7ons notre nouveau b\u00e9n\u00e9vole du mois d&#8217;ao\u00fbt, Antora ! F\u00e9licitations et merci de faire du b\u00e9n\u00e9volat dans notre biblioth\u00e8que. Voici ce qu\u2019elle dit de son exp\u00e9rience :<\/p>\n<p><em>&#8220;Je pense que les enfants sont comme des mol\u00e9cules d&#8217;air, petits, d\u00e9bordant d&#8217;\u00e9nergie et d&#8217;id\u00e9es. C&#8217;est pourquoi l&#8217;initiative d&#8217;alphab\u00e9tisation Minibilioplus m&#8217;a toujours fascin\u00e9e : elle initie les jeunes esprits au pouvoir de la lecture. Chaque s\u00e9ance de lecture me remplit d&#8217;impatience, j&#8217;ai toujours h\u00e2te de voir comment les enfants vont s&#8217;engager dans l&#8217;histoire.<\/em><\/p>\n<p><em>Ces exp\u00e9riences ont fait de moi une personne plus empathique, plus introspective et plus r\u00e9siliente. Je suis honor\u00e9e de faire partie d&#8217;un espace o\u00f9 la curiosit\u00e9 est nourrie, o\u00f9 la cr\u00e9ativit\u00e9 est c\u00e9l\u00e9br\u00e9e et o\u00f9 les jeunes enfants ont la chance de faire l&#8217;exp\u00e9rience de la lecture, peut-\u00eatre pour la toute premi\u00e8re fois.&#8221;<\/em><\/p>\n","protected":false},"excerpt":{"rendered":"<p>Antora Saha \u00a0\u00a0Nous annon\u00e7ons notre nouveau b\u00e9n\u00e9vole du mois d&#8217;ao\u00fbt, Antora ! F\u00e9licitations et merci de faire du b\u00e9n\u00e9volat dans notre biblioth\u00e8que. Voici ce qu\u2019elle dit de son exp\u00e9rience : &#8220;Je pense que les enfants sont comme des mol\u00e9cules d&#8217;air, petits, d\u00e9bordant d&#8217;\u00e9nergie et d&#8217;id\u00e9es. C&#8217;est pourquoi l&#8217;initiative d&#8217;alphab\u00e9tisation Minibilioplus m&#8217;a toujours fascin\u00e9e : elle initie les jeunes esprits au pouvoir de la lecture. Chaque s\u00e9ance de lecture me remplit d&#8217;impatience, j&#8217;ai toujours h\u00e2te de voir comment les enfants vont&hellip;<\/p>\n","protected":false},"author":1,"featured_media":0,"comment_status":"open","ping_status":"open","sticky":false,"template":"","format":"standard","meta":{"om_disable_all_campaigns":false,"_monsterinsights_skip_tracking":false,"_monsterinsights_sitenote_active":false,"_monsterinsights_sitenote_note":"","_monsterinsights_sitenote_category":0},"categories":[44,51],"tags":[],"aioseo_notices":[],"_links":{"self":[{"href":"https:\/\/www.minibiblioplus.org\/index.php\/wp-json\/wp\/v2\/posts\/7259"}],"collection":[{"href":"https:\/\/www.minibiblioplus.org\/index.php\/wp-json\/wp\/v2\/posts"}],"about":[{"href":"https:\/\/www.minibiblioplus.org\/index.php\/wp-json\/wp\/v2\/types\/post"}],"author":[{"embeddable":true,"href":"https:\/\/www.minibiblioplus.org\/index.php\/wp-json\/wp\/v2\/users\/1"}],"replies":[{"embeddable":true,"href":"https:\/\/www.minibiblioplus.org\/index.php\/wp-json\/wp\/v2\/comments?post=7259"}],"version-history":[{"count":1,"href":"https:\/\/www.minibiblioplus.org\/index.php\/wp-json\/wp\/v2\/posts\/7259\/revisions"}],"predecessor-version":[{"id":7261,"href":"https:\/\/www.minibiblioplus.org\/index.php\/wp-json\/wp\/v2\/posts\/7259\/revisions\/7261"}],"wp:attachment":[{"href":"https:\/\/www.minibiblioplus.org\/index.php\/wp-json\/wp\/v2\/media?parent=7259"}],"wp:term":[{"taxonomy":"category","embeddable":true,"href":"https:\/\/www.minibiblioplus.org\/index.php\/wp-json\/wp\/v2\/categories?post=7259"},{"taxonomy":"post_tag","embeddable":true,"href":"https:\/\/www.minibiblioplus.org\/index.php\/wp-json\/wp\/v2\/tags?post=7259"}],"curies":[{"name":"wp","href":"https:\/\/api.w.org\/{rel}","templated":true}]}}