{"id":7416,"date":"2025-08-19T15:39:14","date_gmt":"2025-08-19T19:39:14","guid":{"rendered":"https:\/\/www.minibiblioplus.org\/?p=7416"},"modified":"2025-08-19T15:39:54","modified_gmt":"2025-08-19T19:39:54","slug":"7416","status":"publish","type":"post","link":"https:\/\/www.minibiblioplus.org\/index.php\/2025\/08\/19\/7416\/","title":{"rendered":"Litt\u00e9ratie en t\u00eate #1"},"content":{"rendered":"<p><img loading=\"lazy\" class=\"alignnone size-medium wp-image-7417\" src=\"https:\/\/www.minibiblioplus.org\/wp-content\/uploads\/2025\/08\/Screenshot-2025-08-19-153155-1-297x300.png\" alt=\"\" width=\"297\" height=\"300\" srcset=\"https:\/\/www.minibiblioplus.org\/wp-content\/uploads\/2025\/08\/Screenshot-2025-08-19-153155-1-297x300.png 297w, https:\/\/www.minibiblioplus.org\/wp-content\/uploads\/2025\/08\/Screenshot-2025-08-19-153155-1-1014x1024.png 1014w, https:\/\/www.minibiblioplus.org\/wp-content\/uploads\/2025\/08\/Screenshot-2025-08-19-153155-1-768x775.png 768w, https:\/\/www.minibiblioplus.org\/wp-content\/uploads\/2025\/08\/Screenshot-2025-08-19-153155-1.png 1063w\" sizes=\"(max-width: 297px) 100vw, 297px\" \/><\/p>\n<h3>Notre \u00e9quipe r\u00e9fl\u00e9chit \u00e0 l&#8217;alphab\u00e9tisation, ancr\u00e9e dans nos exp\u00e9riences et nos domaines d&#8217;expertise.<\/h3>\n<p>Aujourd&#8217;hui : Zo\u00eb Whittall, coordinatrice de la communication.<\/p>\n<p>&#8220;Enfant, mes parents me faisaient la lecture presque tous les soirs, m&#8217;inculquant l&#8217;amour des livres et des histoires. Cette exp\u00e9rience pr\u00e9coce de la lecture a fa\u00e7onn\u00e9 mon imagination, mais aussi mon avenir. Elle m&#8217;a amen\u00e9e \u00e0 poursuivre une ma\u00eetrise en litt\u00e9rature anglaise et \u00e0 travailler en vue d&#8217;une ma\u00eetrise en biblioth\u00e9conomie et en sciences de l&#8217;information.<\/p>\n<p>Aujourd&#8217;hui, mon travail dans le domaine de la communication au sein d&#8217;une organisation \u00e0 but non lucratif sp\u00e9cialis\u00e9e dans l&#8217;alphab\u00e9tisation des jeunes enfants me permet de transformer cette passion personnelle en impact. Malheureusement, la passion seule ne suffit pas. Montr\u00e9al conna\u00eet une augmentation inqui\u00e9tante du nombre d&#8217;enfants en \u00e2ge de fr\u00e9quenter la maternelle qui sont identifi\u00e9s comme vuln\u00e9rables dans des domaines critiques de leur d\u00e9veloppement.<\/p>\n<p>En une d\u00e9cennie seulement, ce chiffre est pass\u00e9 de 25,6 % \u00e0 28,9 % (EQDEM, 2022), un changement que nous ne pouvons pas nous permettre d&#8217;ignorer.<\/p>\n<p>L&#8217;alphab\u00e9tisation est une question scolaire, oui. Mais plus encore, c&#8217;est un probl\u00e8me de soci\u00e9t\u00e9. Les initiatives minibiblioPLUS de la biblioth\u00e8que Fraser Hickson s&#8217;attaquent de front \u00e0 ce d\u00e9fi, en proposant une approche globale et bilingue de l&#8217;alphab\u00e9tisation des jeunes enfants.<\/p>\n<p>Ces programmes distribuent des livres tout en jetant des ponts entre les familles, les \u00e9ducateurs et les communaut\u00e9s, favorisant ainsi l&#8217;acquisition de comp\u00e9tences pr\u00e9coces qui jettent les bases d&#8217;une r\u00e9ussite scolaire et sociale \u00e0 long terme.<\/p>\n<p>Lorsque nous investissons dans l&#8217;alphab\u00e9tisation des jeunes enfants, nous fa\u00e7onnons la trajectoire des g\u00e9n\u00e9rations futures et renfor\u00e7ons le tissu social de notre ville et de notre province.<\/p>\n<p>Je suis fi\u00e8re de faire partie d&#8217;une organisation qui s&#8217;engage \u00e0 prendre des mesures pour s&#8217;assurer que nos plus jeunes esprits ont acc\u00e8s aux ressources dont ils ont besoin pour s&#8217;\u00e9panouir.<\/p>\n<p>Source:<\/p>\n<p>https:\/\/santepubliquemontreal.ca\/professionnels-et-partenaires\/thematiques-de-sante-publique\/enquete-quebecoise-sur-le-developpement-des-enfants-la-maternelle-eqdem#:~:text=claire%2C%20connaissances%20g%C3%A9n%C3%A9rales.-,Statistiques%20%2D%20EQDEM%202022,(CLSC)%20et%20des%20voisinages.<\/p>\n","protected":false},"excerpt":{"rendered":"<p>Notre \u00e9quipe r\u00e9fl\u00e9chit \u00e0 l&#8217;alphab\u00e9tisation, ancr\u00e9e dans nos exp\u00e9riences et nos domaines d&#8217;expertise. Aujourd&#8217;hui : Zo\u00eb Whittall, coordinatrice de la communication. &#8220;Enfant, mes parents me faisaient la lecture presque tous les soirs, m&#8217;inculquant l&#8217;amour des livres et des histoires. Cette exp\u00e9rience pr\u00e9coce de la lecture a fa\u00e7onn\u00e9 mon imagination, mais aussi mon avenir. Elle m&#8217;a amen\u00e9e \u00e0 poursuivre une ma\u00eetrise en litt\u00e9rature anglaise et \u00e0 travailler en vue d&#8217;une ma\u00eetrise en biblioth\u00e9conomie et en sciences de l&#8217;information. Aujourd&#8217;hui, mon travail&hellip;<\/p>\n","protected":false},"author":1,"featured_media":0,"comment_status":"open","ping_status":"open","sticky":false,"template":"","format":"standard","meta":{"om_disable_all_campaigns":false,"_monsterinsights_skip_tracking":false,"_monsterinsights_sitenote_active":false,"_monsterinsights_sitenote_note":"","_monsterinsights_sitenote_category":0},"categories":[190],"tags":[],"aioseo_notices":[],"_links":{"self":[{"href":"https:\/\/www.minibiblioplus.org\/index.php\/wp-json\/wp\/v2\/posts\/7416"}],"collection":[{"href":"https:\/\/www.minibiblioplus.org\/index.php\/wp-json\/wp\/v2\/posts"}],"about":[{"href":"https:\/\/www.minibiblioplus.org\/index.php\/wp-json\/wp\/v2\/types\/post"}],"author":[{"embeddable":true,"href":"https:\/\/www.minibiblioplus.org\/index.php\/wp-json\/wp\/v2\/users\/1"}],"replies":[{"embeddable":true,"href":"https:\/\/www.minibiblioplus.org\/index.php\/wp-json\/wp\/v2\/comments?post=7416"}],"version-history":[{"count":2,"href":"https:\/\/www.minibiblioplus.org\/index.php\/wp-json\/wp\/v2\/posts\/7416\/revisions"}],"predecessor-version":[{"id":7419,"href":"https:\/\/www.minibiblioplus.org\/index.php\/wp-json\/wp\/v2\/posts\/7416\/revisions\/7419"}],"wp:attachment":[{"href":"https:\/\/www.minibiblioplus.org\/index.php\/wp-json\/wp\/v2\/media?parent=7416"}],"wp:term":[{"taxonomy":"category","embeddable":true,"href":"https:\/\/www.minibiblioplus.org\/index.php\/wp-json\/wp\/v2\/categories?post=7416"},{"taxonomy":"post_tag","embeddable":true,"href":"https:\/\/www.minibiblioplus.org\/index.php\/wp-json\/wp\/v2\/tags?post=7416"}],"curies":[{"name":"wp","href":"https:\/\/api.w.org\/{rel}","templated":true}]}}