{"id":7439,"date":"2025-09-23T10:00:06","date_gmt":"2025-09-23T14:00:06","guid":{"rendered":"https:\/\/www.minibiblioplus.org\/?p=7439"},"modified":"2025-10-02T10:44:19","modified_gmt":"2025-10-02T14:44:19","slug":"benevole-du-mois-septembre-2025","status":"publish","type":"post","link":"https:\/\/www.minibiblioplus.org\/index.php\/2025\/09\/23\/benevole-du-mois-septembre-2025\/","title":{"rendered":"B\u00e9n\u00e9vole du mois &#8211; Septembre 2025"},"content":{"rendered":"<p><img loading=\"lazy\" class=\"alignnone size-medium wp-image-7440\" src=\"https:\/\/www.minibiblioplus.org\/wp-content\/uploads\/2025\/09\/vol-of-the-month-september-225x300.jpg\" alt=\"\" width=\"225\" height=\"300\" srcset=\"https:\/\/www.minibiblioplus.org\/wp-content\/uploads\/2025\/09\/vol-of-the-month-september-225x300.jpg 225w, https:\/\/www.minibiblioplus.org\/wp-content\/uploads\/2025\/09\/vol-of-the-month-september-768x1024.jpg 768w, https:\/\/www.minibiblioplus.org\/wp-content\/uploads\/2025\/09\/vol-of-the-month-september-1152x1536.jpg 1152w, https:\/\/www.minibiblioplus.org\/wp-content\/uploads\/2025\/09\/vol-of-the-month-september-1536x2048.jpg 1536w, https:\/\/www.minibiblioplus.org\/wp-content\/uploads\/2025\/09\/vol-of-the-month-september.jpg 1920w\" sizes=\"(max-width: 225px) 100vw, 225px\" \/><\/p>\n<h4><span style=\"color: #0000ff;\">Karla Soto<\/span><\/h4>\n<p><span class=\"html-span xexx8yu x4uap5 x18d9i69 xkhd6sd x1hl2dhg x16tdsg8 x1vvkbs x3nfvp2 x1j61x8r x1fcty0u xdj266r xat24cr xgzva0m xhhsvwb xxymvpz xlup9mm x1kky2od\"><img loading=\"lazy\" class=\"xz74otr\" src=\"https:\/\/static.xx.fbcdn.net\/images\/emoji.php\/v9\/tfe\/1\/16\/1f44f.png\" alt=\"\ud83d\udc4f\" width=\"16\" height=\"16\" \/>\u00a0<\/span><span class=\"html-span xexx8yu x4uap5 x18d9i69 xkhd6sd x1hl2dhg x16tdsg8 x1vvkbs x3nfvp2 x1j61x8r x1fcty0u xdj266r xat24cr xgzva0m xhhsvwb xxymvpz xlup9mm x1kky2od\"><img loading=\"lazy\" class=\"xz74otr\" src=\"https:\/\/static.xx.fbcdn.net\/images\/emoji.php\/v9\/t58\/1\/16\/1f929.png\" alt=\"\ud83e\udd29\" width=\"16\" height=\"16\" \/>\u00a0<\/span>Nous annon\u00e7ons notre nouveau b\u00e9n\u00e9vole du mois de septembre, Karla ! F\u00e9licitations et merci de faire du b\u00e9n\u00e9volat avec nous. Voici ce qu\u2019elle dit de son exp\u00e9rience :<\/p>\n<p><em>&#8220;\u00catre animatrice de l\u2019heure du conte \u00e0 minibiblioPLUS a \u00e9t\u00e9 une exp\u00e9rience profond\u00e9ment enrichissante. Au d\u00e9part, j\u2019\u00e9tais un peu timide face aux regards des petits enfants. Je me demandais si mes lectures leur plairaient ; cependant, au fil des rencontres, ce sont elles et eux qui, petit \u00e0 petit, m&#8217;ont guid\u00e9e et m\u2019ont fait d\u00e9couvrir un monde rempli de mots, d\u2019images et de couleurs magiques. \u00c0 chaque s\u00e9ance, leur curiosit\u00e9, leur capacit\u00e9 d\u2019\u00e9coute et de compr\u00e9hension accompagn\u00e9s de leur plaisir \u00e0 imiter les sons et \u00e0 faire de dr\u00f4les d\u2019expressions faciales m\u2019ont grandement \u00e9tonn\u00e9e. Cette exp\u00e9rience m\u2019a permis de me reconnecter \u00e0 mon enfant int\u00e9rieur ! De m\u00eame, je suis tr\u00e8s reconnaissante pour l\u2019accueil et l\u2019accompagnement des personnes qui font partie de l\u2019\u00e9quipe minibiblioPLUS. Gr\u00e2ce \u00e0 leur travail, l\u2019amour de la lecture peut \u00eatre sem\u00e9 dans le c\u0153ur des enfants.<\/em><\/p>\n<p><em>Merci beaucoup, minibiblioPLUS, pour cette contribution inestimable ! J\u2019ai h\u00e2te de continuer \u00e0 m\u2019impliquer dans cette belle initiative pleine de g\u00e9n\u00e9rosit\u00e9.&#8221;<\/em><\/p>\n","protected":false},"excerpt":{"rendered":"<p>Karla Soto \u00a0\u00a0Nous annon\u00e7ons notre nouveau b\u00e9n\u00e9vole du mois de septembre, Karla ! F\u00e9licitations et merci de faire du b\u00e9n\u00e9volat avec nous. Voici ce qu\u2019elle dit de son exp\u00e9rience : &#8220;\u00catre animatrice de l\u2019heure du conte \u00e0 minibiblioPLUS a \u00e9t\u00e9 une exp\u00e9rience profond\u00e9ment enrichissante. Au d\u00e9part, j\u2019\u00e9tais un peu timide face aux regards des petits enfants. Je me demandais si mes lectures leur plairaient ; cependant, au fil des rencontres, ce sont elles et eux qui, petit \u00e0 petit, m&#8217;ont&hellip;<\/p>\n","protected":false},"author":1,"featured_media":0,"comment_status":"open","ping_status":"open","sticky":false,"template":"","format":"standard","meta":{"om_disable_all_campaigns":false,"_monsterinsights_skip_tracking":false,"_monsterinsights_sitenote_active":false,"_monsterinsights_sitenote_note":"","_monsterinsights_sitenote_category":0},"categories":[44,51],"tags":[],"aioseo_notices":[],"_links":{"self":[{"href":"https:\/\/www.minibiblioplus.org\/index.php\/wp-json\/wp\/v2\/posts\/7439"}],"collection":[{"href":"https:\/\/www.minibiblioplus.org\/index.php\/wp-json\/wp\/v2\/posts"}],"about":[{"href":"https:\/\/www.minibiblioplus.org\/index.php\/wp-json\/wp\/v2\/types\/post"}],"author":[{"embeddable":true,"href":"https:\/\/www.minibiblioplus.org\/index.php\/wp-json\/wp\/v2\/users\/1"}],"replies":[{"embeddable":true,"href":"https:\/\/www.minibiblioplus.org\/index.php\/wp-json\/wp\/v2\/comments?post=7439"}],"version-history":[{"count":2,"href":"https:\/\/www.minibiblioplus.org\/index.php\/wp-json\/wp\/v2\/posts\/7439\/revisions"}],"predecessor-version":[{"id":7461,"href":"https:\/\/www.minibiblioplus.org\/index.php\/wp-json\/wp\/v2\/posts\/7439\/revisions\/7461"}],"wp:attachment":[{"href":"https:\/\/www.minibiblioplus.org\/index.php\/wp-json\/wp\/v2\/media?parent=7439"}],"wp:term":[{"taxonomy":"category","embeddable":true,"href":"https:\/\/www.minibiblioplus.org\/index.php\/wp-json\/wp\/v2\/categories?post=7439"},{"taxonomy":"post_tag","embeddable":true,"href":"https:\/\/www.minibiblioplus.org\/index.php\/wp-json\/wp\/v2\/tags?post=7439"}],"curies":[{"name":"wp","href":"https:\/\/api.w.org\/{rel}","templated":true}]}}