{"id":7491,"date":"2025-10-22T15:00:18","date_gmt":"2025-10-22T19:00:18","guid":{"rendered":"https:\/\/www.minibiblioplus.org\/?p=7491"},"modified":"2025-10-22T15:06:25","modified_gmt":"2025-10-22T19:06:25","slug":"benevole-du-mois-octobre-2025","status":"publish","type":"post","link":"https:\/\/www.minibiblioplus.org\/index.php\/2025\/10\/22\/benevole-du-mois-octobre-2025\/","title":{"rendered":"B\u00e9n\u00e9vole du mois &#8211; Octobre 2025"},"content":{"rendered":"<div class=\"\" data-block=\"true\" data-editor=\"j8c2\" data-offset-key=\"b64cb-0-0\">\n<div data-offset-key=\"b64cb-0-0\">\n<h4><img loading=\"lazy\" class=\"alignnone size-medium wp-image-7494\" src=\"https:\/\/www.minibiblioplus.org\/wp-content\/uploads\/2025\/10\/Screenshot-2025-10-22-145756-259x300.png\" alt=\"\" width=\"259\" height=\"300\" srcset=\"https:\/\/www.minibiblioplus.org\/wp-content\/uploads\/2025\/10\/Screenshot-2025-10-22-145756-259x300.png 259w, https:\/\/www.minibiblioplus.org\/wp-content\/uploads\/2025\/10\/Screenshot-2025-10-22-145756.png 418w\" sizes=\"(max-width: 259px) 100vw, 259px\" \/><\/h4>\n<h4><span style=\"color: #0000ff;\">Audrey Carbone<\/span><\/h4>\n<\/div>\n<div class=\"_1mf _1mj\" data-offset-key=\"b64cb-0-0\"><span data-offset-key=\"b64cb-0-0\">\ud83d\udc4f Nous annon\u00e7ons notre nouveau b\u00e9n\u00e9vole du mois d&#8217;octobre, Audrey Carbone ! F\u00e9licitations et merci de faire du b\u00e9n\u00e9volat dans notre biblioth\u00e8que.<\/span><\/div>\n<div data-offset-key=\"b64cb-0-0\"><\/div>\n<\/div>\n<div class=\"\" data-block=\"true\" data-editor=\"j8c2\" data-offset-key=\"8lrcg-0-0\"><\/div>\n<div class=\"\" data-block=\"true\" data-editor=\"j8c2\" data-offset-key=\"845dl-0-0\">\n<div class=\"_1mf _1mj\" data-offset-key=\"845dl-0-0\">\n<p>Entretien avec Audrey :<\/p>\n<ol>\n<li>Avez-vous appris quelque chose (sur vous-m\u00eame ou sur les autres) en faisant du b\u00e9n\u00e9volat avec nous ?<br \/>\nJ&#8217;ai red\u00e9couvert mon amour de la lecture dans les parcs !<\/li>\n<\/ol>\n<p>2. Avez-vous constat\u00e9 une \u00e9volution chez les enfants \u00e0 qui vous faites la lecture ? Notamment en ce qui concerne leur enthousiasme pour les livres ?<\/p>\n<p>Quand j&#8217;ai commenc\u00e9 \u00e0 faire la lecture \u00e0 la garderie, plusieurs \u00e9l\u00e8ves \u00e9taient trop timides pour interagir avec les histoires. \u00c0 la cinqui\u00e8me s\u00e9ance, ils me racontaient leur semaine, leurs vacances et leurs couleurs pr\u00e9f\u00e9r\u00e9es entre les livres (et parfois pendant les histoires). J&#8217;ai pu voir les \u00e9l\u00e8ves sortir peu \u00e0 peu de leur coquille !<\/p>\n<p>3. Vous souvenez-vous d&#8217;une anecdote amusante pendant votre b\u00e9n\u00e9volat chez nous ?<\/p>\n<p>Au cours d&#8217;une de mes s\u00e9ances de lecture, une \u00e9l\u00e8ve s&#8217;est tourn\u00e9e vers ses amis et leur a dit \u00ab Silence ! La ma\u00eetresse est en train de lire ! \u00bb alors que j&#8217;\u00e9tais en train de lire une phrase.<\/p>\n<p>4. Y a-t-il quelque chose qui vous a surpris (en rapport avec votre exp\u00e9rience de b\u00e9n\u00e9volat chez nous, avec vous-m\u00eame, etc.) ?<\/p>\n<p>J&#8217;ai \u00e9t\u00e9 surprise de voir \u00e0 quel point les \u00e9l\u00e8ves \u00e9taient enthousiastes chaque fois que je venais pour l&#8217;heure du conte. Ils s&#8217;\u00e9criaient \u00ab La ma\u00eetresse est l\u00e0 ! \u00bb et couraient vers le coin lecture.<\/p>\n<p>5. En quoi les comp\u00e9tences que vous avez acquises pendant votre b\u00e9n\u00e9volat chez nous vous aident-elles dans d&#8217;autres domaines de votre vie ?<\/p>\n<p>Le b\u00e9n\u00e9volat chez Minibiblioplus me rappelle qu&#8217;il faut parfois ralentir, vivre l&#8217;instant pr\u00e9sent et ne pas toujours penser \u00e0 ce qu&#8217;il faut faire.<\/p>\n<\/div>\n<\/div>\n","protected":false},"excerpt":{"rendered":"<p>Audrey Carbone \ud83d\udc4f Nous annon\u00e7ons notre nouveau b\u00e9n\u00e9vole du mois d&#8217;octobre, Audrey Carbone ! F\u00e9licitations et merci de faire du b\u00e9n\u00e9volat dans notre biblioth\u00e8que. Entretien avec Audrey : Avez-vous appris quelque chose (sur vous-m\u00eame ou sur les autres) en faisant du b\u00e9n\u00e9volat avec nous ? J&#8217;ai red\u00e9couvert mon amour de la lecture dans les parcs ! 2. Avez-vous constat\u00e9 une \u00e9volution chez les enfants \u00e0 qui vous faites la lecture ? Notamment en ce qui concerne leur enthousiasme pour les&hellip;<\/p>\n","protected":false},"author":1,"featured_media":0,"comment_status":"open","ping_status":"open","sticky":false,"template":"","format":"standard","meta":{"om_disable_all_campaigns":false,"_monsterinsights_skip_tracking":false,"_monsterinsights_sitenote_active":false,"_monsterinsights_sitenote_note":"","_monsterinsights_sitenote_category":0},"categories":[44,51],"tags":[],"aioseo_notices":[],"_links":{"self":[{"href":"https:\/\/www.minibiblioplus.org\/index.php\/wp-json\/wp\/v2\/posts\/7491"}],"collection":[{"href":"https:\/\/www.minibiblioplus.org\/index.php\/wp-json\/wp\/v2\/posts"}],"about":[{"href":"https:\/\/www.minibiblioplus.org\/index.php\/wp-json\/wp\/v2\/types\/post"}],"author":[{"embeddable":true,"href":"https:\/\/www.minibiblioplus.org\/index.php\/wp-json\/wp\/v2\/users\/1"}],"replies":[{"embeddable":true,"href":"https:\/\/www.minibiblioplus.org\/index.php\/wp-json\/wp\/v2\/comments?post=7491"}],"version-history":[{"count":1,"href":"https:\/\/www.minibiblioplus.org\/index.php\/wp-json\/wp\/v2\/posts\/7491\/revisions"}],"predecessor-version":[{"id":7495,"href":"https:\/\/www.minibiblioplus.org\/index.php\/wp-json\/wp\/v2\/posts\/7491\/revisions\/7495"}],"wp:attachment":[{"href":"https:\/\/www.minibiblioplus.org\/index.php\/wp-json\/wp\/v2\/media?parent=7491"}],"wp:term":[{"taxonomy":"category","embeddable":true,"href":"https:\/\/www.minibiblioplus.org\/index.php\/wp-json\/wp\/v2\/categories?post=7491"},{"taxonomy":"post_tag","embeddable":true,"href":"https:\/\/www.minibiblioplus.org\/index.php\/wp-json\/wp\/v2\/tags?post=7491"}],"curies":[{"name":"wp","href":"https:\/\/api.w.org\/{rel}","templated":true}]}}