{"id":7617,"date":"2025-12-17T12:18:43","date_gmt":"2025-12-17T17:18:43","guid":{"rendered":"https:\/\/www.minibiblioplus.org\/?p=7617"},"modified":"2025-12-17T12:18:43","modified_gmt":"2025-12-17T17:18:43","slug":"benevole-du-mois-decembre-2025","status":"publish","type":"post","link":"https:\/\/www.minibiblioplus.org\/index.php\/2025\/12\/17\/benevole-du-mois-decembre-2025\/","title":{"rendered":"B\u00e9n\u00e9vole du mois &#8211; D\u00e9cembre 2025"},"content":{"rendered":"<h4><img loading=\"lazy\" class=\"alignnone size-medium wp-image-7618\" src=\"https:\/\/www.minibiblioplus.org\/wp-content\/uploads\/2025\/12\/vol-of-the-month-december-1-225x300.jpg\" alt=\"\" width=\"225\" height=\"300\" srcset=\"https:\/\/www.minibiblioplus.org\/wp-content\/uploads\/2025\/12\/vol-of-the-month-december-1-225x300.jpg 225w, https:\/\/www.minibiblioplus.org\/wp-content\/uploads\/2025\/12\/vol-of-the-month-december-1-768x1024.jpg 768w, https:\/\/www.minibiblioplus.org\/wp-content\/uploads\/2025\/12\/vol-of-the-month-december-1-1152x1536.jpg 1152w, https:\/\/www.minibiblioplus.org\/wp-content\/uploads\/2025\/12\/vol-of-the-month-december-1-1536x2048.jpg 1536w, https:\/\/www.minibiblioplus.org\/wp-content\/uploads\/2025\/12\/vol-of-the-month-december-1.jpg 1920w\" sizes=\"(max-width: 225px) 100vw, 225px\" \/><\/h4>\n<h4><span style=\"color: #0000ff;\">Chantal Bissonnette<\/span><\/h4>\n<p>\ud83d\udc4f Nous annon\u00e7ons notre nouveau b\u00e9n\u00e9vole du mois de d\u00e9cembre, Chantal ! F\u00e9licitations et merci de faire du b\u00e9n\u00e9volat dans notre biblioth\u00e8que.<\/p>\n<p><em>&#8220;Chaque fois que je me rends \u00e0 la garderie, c\u2019est une histoire en soi! En voici donc une qui relate un enthousiasme joyeux envers les livres.<\/em><\/p>\n<p><em>C\u2019\u00e9tait en octobre, en la p\u00e9riode festive de l\u2019Halloween. J\u2019avais choisi une histoire abracadabrante! Principalement, elle exposait les talents f\u00e9\u00e9riques d\u2019une famille de jeunes sorciers et sorci\u00e8res. Pour l\u2019occasion, j\u2019avais bricol\u00e9 une baguette magique. \u00c0 la lecture du conte, je brandissais ma baguette pour animer l\u2019effervescence et mieux donner vie aux onomatop\u00e9es : \u00ab Zip! Zap! Zop! \u00bb Bien assis confortablement sur les tapis matelass\u00e9s, des sourires s\u2019affichaient sur les visages des enfants. Ils \u00e9coutaient attentivement.<\/em><\/p>\n<p><em>Une fois la lecture termin\u00e9e, l\u2019\u00e9ducatrice a octroy\u00e9 la permission aux jeunes de jouer, courir et se d\u00e9gourdir. J\u2019y suis rest\u00e9e dans l\u2019intention de connecter davantage avec ces bouts de choux. Pendant que j\u2019assistais une petite fille \u00e0 monter une tour de blocs, un petit gar\u00e7on aux cheveux boucl\u00e9s et aux lunettes pendant sur le bout du nez est venu s\u2019asseoir \u00e0 mes c\u00f4t\u00e9s. D\u2019un air moqueur, il s\u2019est empar\u00e9 de mon livre et de ma baguette magique. Avec l\u2019objet, il suivait les mots de chaque phrase. Dans son imaginaire, il me lisait une histoire. Il s\u2019arr\u00eatait parfois pour me pointer un mot et me demander : \u00ab c\u2019est quoi le mot ici? \u00bb \u2026 \u00ab et celui-ci? \u00bb. Il brillait de sa curiosit\u00e9. Pour un moment, il s\u2019est transform\u00e9 en magicien. D\u00e9sireux d\u2019activer son petit pouvoir, il s\u2019est mis \u00e0 courir vers ses amis, et ainsi, \u00e0 coups de baguette et de \u00ab Zip! Zap! Zop! \u00bb, raviver en chacun d\u2019eux cette \u00e9tincelle de joie spontan\u00e9e! Un moment pr\u00e9cieux, des plus magiques!&#8221;<\/em><\/p>\n","protected":false},"excerpt":{"rendered":"<p>Chantal Bissonnette \ud83d\udc4f Nous annon\u00e7ons notre nouveau b\u00e9n\u00e9vole du mois de d\u00e9cembre, Chantal ! F\u00e9licitations et merci de faire du b\u00e9n\u00e9volat dans notre biblioth\u00e8que. &#8220;Chaque fois que je me rends \u00e0 la garderie, c\u2019est une histoire en soi! En voici donc une qui relate un enthousiasme joyeux envers les livres. C\u2019\u00e9tait en octobre, en la p\u00e9riode festive de l\u2019Halloween. J\u2019avais choisi une histoire abracadabrante! Principalement, elle exposait les talents f\u00e9\u00e9riques d\u2019une famille de jeunes sorciers et sorci\u00e8res. Pour l\u2019occasion, j\u2019avais&hellip;<\/p>\n","protected":false},"author":1,"featured_media":0,"comment_status":"open","ping_status":"open","sticky":false,"template":"","format":"standard","meta":{"om_disable_all_campaigns":false,"_monsterinsights_skip_tracking":false,"_monsterinsights_sitenote_active":false,"_monsterinsights_sitenote_note":"","_monsterinsights_sitenote_category":0},"categories":[44,51],"tags":[],"aioseo_notices":[],"_links":{"self":[{"href":"https:\/\/www.minibiblioplus.org\/index.php\/wp-json\/wp\/v2\/posts\/7617"}],"collection":[{"href":"https:\/\/www.minibiblioplus.org\/index.php\/wp-json\/wp\/v2\/posts"}],"about":[{"href":"https:\/\/www.minibiblioplus.org\/index.php\/wp-json\/wp\/v2\/types\/post"}],"author":[{"embeddable":true,"href":"https:\/\/www.minibiblioplus.org\/index.php\/wp-json\/wp\/v2\/users\/1"}],"replies":[{"embeddable":true,"href":"https:\/\/www.minibiblioplus.org\/index.php\/wp-json\/wp\/v2\/comments?post=7617"}],"version-history":[{"count":1,"href":"https:\/\/www.minibiblioplus.org\/index.php\/wp-json\/wp\/v2\/posts\/7617\/revisions"}],"predecessor-version":[{"id":7619,"href":"https:\/\/www.minibiblioplus.org\/index.php\/wp-json\/wp\/v2\/posts\/7617\/revisions\/7619"}],"wp:attachment":[{"href":"https:\/\/www.minibiblioplus.org\/index.php\/wp-json\/wp\/v2\/media?parent=7617"}],"wp:term":[{"taxonomy":"category","embeddable":true,"href":"https:\/\/www.minibiblioplus.org\/index.php\/wp-json\/wp\/v2\/categories?post=7617"},{"taxonomy":"post_tag","embeddable":true,"href":"https:\/\/www.minibiblioplus.org\/index.php\/wp-json\/wp\/v2\/tags?post=7617"}],"curies":[{"name":"wp","href":"https:\/\/api.w.org\/{rel}","templated":true}]}}