{"id":7659,"date":"2026-02-26T10:00:29","date_gmt":"2026-02-26T15:00:29","guid":{"rendered":"https:\/\/www.minibiblioplus.org\/?p=7659"},"modified":"2026-03-16T15:15:49","modified_gmt":"2026-03-16T19:15:49","slug":"benevole-du-mois-fevrier-2026","status":"publish","type":"post","link":"https:\/\/www.minibiblioplus.org\/index.php\/2026\/02\/26\/benevole-du-mois-fevrier-2026\/","title":{"rendered":"B\u00e9n\u00e9vole du mois : f\u00e9vrier 2026"},"content":{"rendered":"<h4><span style=\"color: #0000ff;\"><img loading=\"lazy\" class=\"alignnone size-medium wp-image-7660\" src=\"https:\/\/www.minibiblioplus.org\/wp-content\/uploads\/2026\/02\/Screenshot-2026-02-23-105128-300x213.png\" alt=\"\" width=\"300\" height=\"213\" srcset=\"https:\/\/www.minibiblioplus.org\/wp-content\/uploads\/2026\/02\/Screenshot-2026-02-23-105128-300x213.png 300w, https:\/\/www.minibiblioplus.org\/wp-content\/uploads\/2026\/02\/Screenshot-2026-02-23-105128-768x546.png 768w, https:\/\/www.minibiblioplus.org\/wp-content\/uploads\/2026\/02\/Screenshot-2026-02-23-105128.png 972w\" sizes=\"(max-width: 300px) 100vw, 300px\" \/><\/span><\/h4>\n<h4><span style=\"color: #0000ff;\">Ranaan Randy Charness<\/span><\/h4>\n<p>\ud83d\udc4f Nous annon\u00e7ons notre nouveau b\u00e9n\u00e9vole du mois de f\u00e9vrier, Randy ! F\u00e9licitations et merci de faire du b\u00e9n\u00e9volat dans notre biblioth\u00e8que.<\/p>\n<p>Ce mois-ci, nous partageons les r\u00e9flexions de Randy \u00e0 travers une interview vid\u00e9o. Regardez-la ici !<\/p>\n<div class=\"video\"><iframe loading=\"lazy\" title=\"Randy Charness, volunteer of the month of February 2026\" width=\"640\" height=\"360\" src=\"https:\/\/www.youtube.com\/embed\/MjsLBOBQa-w?feature=oembed\" frameborder=\"0\" allow=\"accelerometer; autoplay; clipboard-write; encrypted-media; gyroscope; picture-in-picture; web-share\" referrerpolicy=\"strict-origin-when-cross-origin\" allowfullscreen><\/iframe><\/div>\n<p>&nbsp;<\/p>\n<p>&nbsp;<\/p>\n","protected":false},"excerpt":{"rendered":"<p>Ranaan Randy Charness \ud83d\udc4f Nous annon\u00e7ons notre nouveau b\u00e9n\u00e9vole du mois de f\u00e9vrier, Randy ! F\u00e9licitations et merci de faire du b\u00e9n\u00e9volat dans notre biblioth\u00e8que. Ce mois-ci, nous partageons les r\u00e9flexions de Randy \u00e0 travers une interview vid\u00e9o. Regardez-la ici ! &nbsp; &nbsp;<\/p>\n","protected":false},"author":1,"featured_media":0,"comment_status":"open","ping_status":"open","sticky":false,"template":"","format":"standard","meta":{"om_disable_all_campaigns":false,"_monsterinsights_skip_tracking":false,"_monsterinsights_sitenote_active":false,"_monsterinsights_sitenote_note":"","_monsterinsights_sitenote_category":0},"categories":[44,51],"tags":[],"aioseo_notices":[],"_links":{"self":[{"href":"https:\/\/www.minibiblioplus.org\/index.php\/wp-json\/wp\/v2\/posts\/7659"}],"collection":[{"href":"https:\/\/www.minibiblioplus.org\/index.php\/wp-json\/wp\/v2\/posts"}],"about":[{"href":"https:\/\/www.minibiblioplus.org\/index.php\/wp-json\/wp\/v2\/types\/post"}],"author":[{"embeddable":true,"href":"https:\/\/www.minibiblioplus.org\/index.php\/wp-json\/wp\/v2\/users\/1"}],"replies":[{"embeddable":true,"href":"https:\/\/www.minibiblioplus.org\/index.php\/wp-json\/wp\/v2\/comments?post=7659"}],"version-history":[{"count":2,"href":"https:\/\/www.minibiblioplus.org\/index.php\/wp-json\/wp\/v2\/posts\/7659\/revisions"}],"predecessor-version":[{"id":7682,"href":"https:\/\/www.minibiblioplus.org\/index.php\/wp-json\/wp\/v2\/posts\/7659\/revisions\/7682"}],"wp:attachment":[{"href":"https:\/\/www.minibiblioplus.org\/index.php\/wp-json\/wp\/v2\/media?parent=7659"}],"wp:term":[{"taxonomy":"category","embeddable":true,"href":"https:\/\/www.minibiblioplus.org\/index.php\/wp-json\/wp\/v2\/categories?post=7659"},{"taxonomy":"post_tag","embeddable":true,"href":"https:\/\/www.minibiblioplus.org\/index.php\/wp-json\/wp\/v2\/tags?post=7659"}],"curies":[{"name":"wp","href":"https:\/\/api.w.org\/{rel}","templated":true}]}}